{"id":1049,"date":"2025-01-07T13:58:05","date_gmt":"2025-01-07T13:58:05","guid":{"rendered":"https:\/\/ekotransportas.lt\/index.php\/2025\/01\/07\/stellantis-taikos-misijoje-numalsinti-pykti-ant-tavareso\/"},"modified":"2025-01-07T13:58:05","modified_gmt":"2025-01-07T13:58:05","slug":"stellantis-taikos-misijoje-numalsinti-pykti-ant-tavareso","status":"publish","type":"post","link":"https:\/\/ekotransportas.lt\/index.php\/2025\/01\/07\/stellantis-taikos-misijoje-numalsinti-pykti-ant-tavareso\/","title":{"rendered":"Stellantis taikos misijoje numal\u0161inti pykt\u012f ant Tavareso"},"content":{"rendered":"<p> <br \/>\n<\/p>\n<div>\n<p>Stellantis taiso tvoras po audringos Carloso Tavareso vadovavimo, kuris atne\u0161\u0117 ne\u012ftik\u0117tino pelno, ta\u010diau taip pat smarkiai pakenk\u0117 santykiams su profs\u0105jungomis, prekiautojais, politikais ir tiek\u0117jais.<\/p>\n<p>\u201eTai yra sritys, kuriose ai\u0161kiai manau, kad turime susigr\u0105\u017einti pasitik\u0117jim\u0105\u201c, \u2013 gruod\u017eio m\u0117nes\u012f vykusioje bank\u0173 konferencijoje sak\u0117 \u201eStellantis\u201c finans\u0173 vadovas Dougas Ostermannas.<\/p>\n<p>Tarptautin\u0117s mil\u017ein\u0117s laikinoji vadovyb\u0117, kuriai pirmininkavo \u201eFiat\u201c \u012fp\u0117dinis Johnas Elkannas, did\u017ei\u0105j\u0105 gruod\u017eio dal\u012f praleido taikos misijoje po staigaus Tavareso pasitraukimo m\u0117nesio prad\u017eioje.<\/p>\n<\/div>\n<p><br \/>\n<br \/><a href=\"https:\/\/www.autocar.co.uk\/car-news\/business-corporate\/inside-stellantis%E2%80%99s-peace-mission-defuse-wrath-tavares\">Source link <\/a><\/p>\n","protected":false},"excerpt":{"rendered":"<p>Stellantis taiso tvoras po audringos Carloso Tavareso vadovavimo, kuris atne\u0161\u0117 ne\u012ftik\u0117tino pelno, ta\u010diau taip pat smarkiai pakenk\u0117 santykiams su profs\u0105jungomis, prekiautojais, politikais ir tiek\u0117jais. \u201eTai yra sritys, kuriose ai\u0161kiai manau, kad turime susigr\u0105\u017einti pasitik\u0117jim\u0105\u201c, \u2013 gruod\u017eio m\u0117nes\u012f vykusioje bank\u0173 konferencijoje sak\u0117 \u201eStellantis\u201c finans\u0173 vadovas Dougas Ostermannas. Tarptautin\u0117s mil\u017ein\u0117s laikinoji vadovyb\u0117, kuriai pirmininkavo \u201eFiat\u201c \u012fp\u0117dinis Johnas [&hellip;]<\/p>\n","protected":false},"author":1,"featured_media":1050,"comment_status":"","ping_status":"","sticky":false,"template":"","format":"standard","meta":{"om_disable_all_campaigns":false,"_monsterinsights_skip_tracking":false,"_monsterinsights_sitenote_active":false,"_monsterinsights_sitenote_note":"","_monsterinsights_sitenote_category":0,"footnotes":""},"categories":[40],"tags":[74,1816,1817,1818,927,1815,1819],"class_list":["post-1049","post","type-post","status-publish","format-standard","has-post-thumbnail","hentry","category-automobiliai","tag-ant","tag-misijoje","tag-numalsinti","tag-pykti","tag-stellantis","tag-taikos","tag-tavareso"],"aioseo_notices":[],"_links":{"self":[{"href":"https:\/\/ekotransportas.lt\/index.php\/wp-json\/wp\/v2\/posts\/1049","targetHints":{"allow":["GET"]}}],"collection":[{"href":"https:\/\/ekotransportas.lt\/index.php\/wp-json\/wp\/v2\/posts"}],"about":[{"href":"https:\/\/ekotransportas.lt\/index.php\/wp-json\/wp\/v2\/types\/post"}],"author":[{"embeddable":true,"href":"https:\/\/ekotransportas.lt\/index.php\/wp-json\/wp\/v2\/users\/1"}],"replies":[{"embeddable":true,"href":"https:\/\/ekotransportas.lt\/index.php\/wp-json\/wp\/v2\/comments?post=1049"}],"version-history":[{"count":0,"href":"https:\/\/ekotransportas.lt\/index.php\/wp-json\/wp\/v2\/posts\/1049\/revisions"}],"wp:featuredmedia":[{"embeddable":true,"href":"https:\/\/ekotransportas.lt\/index.php\/wp-json\/wp\/v2\/media\/1050"}],"wp:attachment":[{"href":"https:\/\/ekotransportas.lt\/index.php\/wp-json\/wp\/v2\/media?parent=1049"}],"wp:term":[{"taxonomy":"category","embeddable":true,"href":"https:\/\/ekotransportas.lt\/index.php\/wp-json\/wp\/v2\/categories?post=1049"},{"taxonomy":"post_tag","embeddable":true,"href":"https:\/\/ekotransportas.lt\/index.php\/wp-json\/wp\/v2\/tags?post=1049"}],"curies":[{"name":"wp","href":"https:\/\/api.w.org\/{rel}","templated":true}]}}