{"id":1204,"date":"2025-01-29T02:49:32","date_gmt":"2025-01-29T02:49:32","guid":{"rendered":"https:\/\/ekotransportas.lt\/index.php\/2025\/01\/29\/2026-m-bmw-ix-tai-yra\/"},"modified":"2025-01-29T02:49:32","modified_gmt":"2025-01-29T02:49:32","slug":"2026-m-bmw-ix-tai-yra","status":"publish","type":"post","link":"https:\/\/ekotransportas.lt\/index.php\/2025\/01\/29\/2026-m-bmw-ix-tai-yra\/","title":{"rendered":"2026 m. BMW IX: Tai yra"},"content":{"rendered":"<p> <br \/>\n<\/p>\n<div>\n<p><span style=\"font-size: 17px; font-family: var(--vam-normal-body-paragraph-font-name); letter-spacing: var(--vam-normal-body-paragraph-font-tracking);\">\u201eBMW IX\u201c perdaro 2026 m. Vokietijos automobili\u0173 gamintojas atnaujino elektrinio visureigio i\u0161or\u0117s stili\u0173, tuo pa\u010diu padidindamas turim\u0105 gali\u0105, atnaujindamas savo elektrin\u0119 pavaros sistem\u0105. Atnaujinti modelio metai taip pat pristato nauj\u0105 pradinio lygio apdail\u0105 \u201eIX XDrive45\u201c. Jis prisijungia prie \u201eIX XDrive60\u201c ir \u201eNew IX M70 XDrive\u201c, kuris pakei\u010dia M60.<br \/><\/span><\/p>\n<p><span style=\"font-size: 17px; font-family: var(--vam-normal-body-paragraph-font-name); letter-spacing: var(--vam-normal-body-paragraph-font-tracking);\">Naujasis pradinio lygio \u201eIX XDrive45\u201c sukuria 402 arklio galias ir si\u016blo iki 312 myli\u0173 diapazono, o vidutinio nuotolio \u201eIX XDrive60\u201c dabar sukuria 536 AG ir nuva\u017eiuoja iki 340 myli\u0173 u\u017e vien\u0105 \u012fkrov\u0105. \u201eIX M70\u201c sudaro 650 AG ir gali nuva\u017eiuoti iki 302 myli\u0173. \u201eM70\u201c taip pat gali pasiekti 60 myli\u0173 per valand\u0105 per 3,6 sekund\u0117s.<br \/><\/span><\/p>\n<section contenteditable=\"false\" data-widget=\"mosaic\" data-type=\"2\" data-align=\"none\" data-size=\"100\">\n<section contenteditable=\"false\" draggable=\"true\" data-widget=\"image\" data-border=\"\" data-id=\"8020543\">\n        <span class=\"svg-search\"><br \/>\n            <svg>\n                <use xlink:href=\"https:\/\/www.motor1.com\/design\/dist\/critical\/icons\/sprite-common-2-cedc6844965def6be7e73f7256d1a2d4.svg#semidir\"\/>\n            <\/svg><br \/>\n        <\/span>\n    <picture><source type=\"image\/webp\" srcset=\"&#10;            https:\/\/cdn.motor1.com\/images\/mgl\/G3AwmA\/s5\/2026-bmw-ix.webp 213w,&#10;            https:\/\/cdn.motor1.com\/images\/mgl\/G3AwmA\/s6\/2026-bmw-ix.webp 445w,&#10;            https:\/\/cdn.motor1.com\/images\/mgl\/G3AwmA\/s4\/2026-bmw-ix.webp 889w,&#10;            https:\/\/cdn.motor1.com\/images\/mgl\/G3AwmA\/s3\/2026-bmw-ix.webp 1280w,&#10;            https:\/\/cdn.motor1.com\/images\/mgl\/G3AwmA\/s2\/2026-bmw-ix.webp 1440w,&#10;            https:\/\/cdn.motor1.com\/images\/mgl\/G3AwmA\/s1\/2026-bmw-ix.webp 1920w&#10;        \" sizes=\"(max-width: 767px) calc((50vw - 6px) - 15px), (max-width: 1023px) calc(49.7vw - 25px), 322px\"><source type=\"image\/jpeg\" srcset=\"&#10;            https:\/\/cdn.motor1.com\/images\/mgl\/G3AwmA\/s5\/2026-bmw-ix.jpg 213w,&#10;            https:\/\/cdn.motor1.com\/images\/mgl\/G3AwmA\/s6\/2026-bmw-ix.jpg 445w,&#10;            https:\/\/cdn.motor1.com\/images\/mgl\/G3AwmA\/s4\/2026-bmw-ix.jpg 889w,&#10;            https:\/\/cdn.motor1.com\/images\/mgl\/G3AwmA\/s3\/2026-bmw-ix.jpg 1280w,&#10;            https:\/\/cdn.motor1.com\/images\/mgl\/G3AwmA\/s2\/2026-bmw-ix.jpg 1440w,&#10;            https:\/\/cdn.motor1.com\/images\/mgl\/G3AwmA\/s1\/2026-bmw-ix.jpg 1920w&#10;        \" sizes=\"(max-width: 767px) calc((50vw - 6px) - 15px), (max-width: 1023px) calc(49.7vw - 25px), 322px\"><br \/>\n    <\/source><\/source><\/picture>\n<p>Nuotrauka: BMW<\/p>\n<\/section>\n<section contenteditable=\"false\" draggable=\"true\" data-widget=\"image\" data-border=\"\" data-id=\"8020546\">\n        <span class=\"svg-search\"><br \/>\n            <svg>\n                <use xlink:href=\"https:\/\/www.motor1.com\/design\/dist\/critical\/icons\/sprite-common-2-cedc6844965def6be7e73f7256d1a2d4.svg#semidir\"\/>\n            <\/svg><br \/>\n        <\/span>\n    <picture><source type=\"image\/webp\" srcset=\"&#10;            https:\/\/cdn.motor1.com\/images\/mgl\/40E9RY\/s5\/2026-bmw-ix.webp 213w,&#10;            https:\/\/cdn.motor1.com\/images\/mgl\/40E9RY\/s6\/2026-bmw-ix.webp 445w,&#10;            https:\/\/cdn.motor1.com\/images\/mgl\/40E9RY\/s4\/2026-bmw-ix.webp 889w,&#10;            https:\/\/cdn.motor1.com\/images\/mgl\/40E9RY\/s3\/2026-bmw-ix.webp 1280w,&#10;            https:\/\/cdn.motor1.com\/images\/mgl\/40E9RY\/s2\/2026-bmw-ix.webp 1440w,&#10;            https:\/\/cdn.motor1.com\/images\/mgl\/40E9RY\/s1\/2026-bmw-ix.webp 1920w&#10;        \" sizes=\"(max-width: 767px) calc((50vw - 6px) - 15px), (max-width: 1023px) calc(49.7vw - 25px), 322px\"><source type=\"image\/jpeg\" srcset=\"&#10;            https:\/\/cdn.motor1.com\/images\/mgl\/40E9RY\/s5\/2026-bmw-ix.jpg 213w,&#10;            https:\/\/cdn.motor1.com\/images\/mgl\/40E9RY\/s6\/2026-bmw-ix.jpg 445w,&#10;            https:\/\/cdn.motor1.com\/images\/mgl\/40E9RY\/s4\/2026-bmw-ix.jpg 889w,&#10;            https:\/\/cdn.motor1.com\/images\/mgl\/40E9RY\/s3\/2026-bmw-ix.jpg 1280w,&#10;            https:\/\/cdn.motor1.com\/images\/mgl\/40E9RY\/s2\/2026-bmw-ix.jpg 1440w,&#10;            https:\/\/cdn.motor1.com\/images\/mgl\/40E9RY\/s1\/2026-bmw-ix.jpg 1920w&#10;        \" sizes=\"(max-width: 767px) calc((50vw - 6px) - 15px), (max-width: 1023px) calc(49.7vw - 25px), 322px\"><img decoding=\"async\" src=\"https:\/\/cdn.motor1.com\/images\/static\/16x9-tr.png\" alt=\"2026 m. BMW IX\" width=\"16\" height=\"9\" loading=\"lazy\"\/><br \/>\n    <\/source><\/source><\/picture>\n<p>Nuotrauka: BMW<\/p>\n<\/section>\n<\/section>\n<p><span style=\"font-size: 17px; font-family: var(--vam-normal-body-paragraph-font-name); letter-spacing: var(--vam-normal-body-paragraph-font-tracking);\">Did\u017eiausi IX i\u0161or\u0117s stiliaus pakeitimai yra priekin\u0117s ir galin\u0117s fascijos, nors skirtumai yra subtil\u016bs. Priekyje yra naujas buferis, pertvarkytos grotel\u0117s ir atnaujinti priekiniai \u017eibintai su vertikaliais dienos b\u0117gimo lemput\u0117mis. U\u017epakalin\u0117je \u201eBMW Designers\u201c integravo nauj\u0105 difuzoriaus element\u0105, kuris yra standartinis M70 ir yra pasirinktas kaip kitas apdaila su \u201eM Sport\u201c paketu, kur\u012f pirm\u0105 kart\u0105 galima rasti IX.<br \/><\/span><\/p>\n<p><span style=\"font-size: 17px; font-family: var(--vam-normal-body-paragraph-font-name); letter-spacing: var(--vam-normal-body-paragraph-font-tracking);\">Pakuot\u0117je pridedami unikal\u016bs oro \u012fsiurbimai, M lydinio ratai ir kiti stiliaus akcentai. Galimas \u201eM Sport Professional\u201c paketas apima \u201eShadowline\u201c priekinius \u017eibintus. Abi pakuot\u0117s yra standartin\u0117s \u201eIX M70\u201c. Profesional\u016bs pakuot\u0117s taip pat prideda unikalias inkst\u0173 groteles, juodus veidrodinius dangtelius ir 22 coli\u0173 M lydinio ratus.<\/span><\/p>\n<div class=\"table-wrapper\">\n<table style=\"border-collapse: collapse; width: 100%;\">\n<tbody>\n<tr>\n<td style=\"width: 25%;\">Apdaila<\/td>\n<td style=\"width: 25%;\">Arklio galia<\/td>\n<td style=\"width: 25%;\">Diapazonas<\/td>\n<td style=\"width: 25%;\">Kaina (W\/DEST.)<\/td>\n<\/tr>\n<tr>\n<td style=\"width: 25%;\">IX XDrive45<\/td>\n<td style=\"width: 25%;\">402<\/td>\n<td style=\"width: 25%;\">312 myli\u0173<\/td>\n<td style=\"width: 25%;\">76 325 USD<\/td>\n<\/tr>\n<tr>\n<td style=\"width: 25%;\">\u201eIx XDrive 60\u201c<\/td>\n<td style=\"width: 25%;\">536<\/td>\n<td style=\"width: 25%;\">340 myli\u0173<\/td>\n<td style=\"width: 25%;\">89 670 USD<\/td>\n<\/tr>\n<tr>\n<td style=\"width: 25%;\">IX M70 XDrive<\/td>\n<td style=\"width: 25%;\">650<\/td>\n<td style=\"width: 25%;\">302 myli\u0173<\/td>\n<td style=\"width: 25%;\">112 675 USD<\/td>\n<\/tr>\n<\/tbody>\n<\/table>\n<\/div>\n<p>Viduje pirm\u0105 kart\u0105 IX yra naujos M keli\u0173 funkcij\u0173 s\u0117dyn\u0117s, kurias BMW si\u016blo su pasirenkama ventiliacija. S\u0117dyn\u0117s yra \u201eXDrive45\u201c ir \u201eXDrive60\u201c \u201eM Sport\u201c paketo dalis, ta\u010diau yra standartin\u0117s \u201eIX M70\u201c. Pakuot\u0117je taip pat pridedamas odinis vairas, M pedalai, auk\u0161to blizgesio juodos spalvos centrin\u0117s konsol\u0117s apdaila ir dviej\u0173 ton\u0173 prietais\u0173 skydelis.<\/p>\n<p>BMW kovo m\u0117nes\u012f prad\u0117s kurti atnaujint\u0105 IX, tikimasi, kad pristatymai prasid\u0117s antr\u0105j\u012f 2025 m. Ketvirt\u012f. Naujasis pradinio lygio \u201eIX XDRIVE45\u201c pradin\u0117 kaina yra 76 325 USD (visos kainos apima 1 175 USD tikslo mokest\u012f). \u201eIX XDrive60\u201c prasideda nuo 89 675 USD, 1 250 USD daugiau nei \u201eXDrive50\u201c, o \u201eIX M70\u201c yra 112 675 USD, nepakitusi nuo pra\u0117jusi\u0173 met\u0173.<\/p>\n<section class=\"relatedContent-new\" contenteditable=\"false\" draggable=\"true\" data-widget=\"related-content\" data-widget-size=\"content\" data-params=\"%7B%22type_id%22%3A0%2C%22title_id%22%3A%22%22%2C%22items%22%3A%5B%7B%22article_edition_id%22%3A%22747183%22%2C%22title%22%3A%22Dead%3A%20BMW%20M8%20Coupe%22%2C%22alias%22%3A%22bmw-m8-coupe-discontinued-usa%22%2C%22section%22%3A%221%22%2C%22is_video%22%3A%220%22%2C%22images%22%3A%7B%22s5%22%3A%22https%3A%2F%2Fcdn.motor1.com%2Fimages%2Fmgl%2FmB83o%2Fs5%2F2020-bmw-m8-with-m-performance-parts.jpg%22%7D%7D%2C%7B%22article_edition_id%22%3A%22746784%22%2C%22title%22%3A%22BMW%20Is%20Killing%20Off%20That%20Weird%20Feature%20You%20Never%20Used%22%2C%22alias%22%3A%22bmw-kills-gesture-control-feature%22%2C%22section%22%3A%221%22%2C%22is_video%22%3A%220%22%2C%22images%22%3A%7B%22s5%22%3A%22https%3A%2F%2Fcdn.motor1.com%2Fimages%2Fmgl%2FjlweKo%2Fs5%2Fbmw-idrive-gesture-control.jpg%22%7D%7D%5D%7D\">   <\/section>\n<section class=\"widget-newsletter\" contenteditable=\"false\" draggable=\"true\" data-widget=\"widget-newsletter\">\n<\/section>\n<p>                        <!-- new gallery place, attached gallery --><\/p><\/div>\n<p><br \/>\n<br \/><a href=\"https:\/\/www.motor1.com\/news\/748867\/2026-bmw-ix-specs-price-trims\/\">Source link <\/a><\/p>\n","protected":false},"excerpt":{"rendered":"<p>\u201eBMW IX\u201c perdaro 2026 m. Vokietijos automobili\u0173 gamintojas atnaujino elektrinio visureigio i\u0161or\u0117s stili\u0173, tuo pa\u010diu padidindamas turim\u0105 gali\u0105, atnaujindamas savo elektrin\u0119 pavaros sistem\u0105. Atnaujinti modelio metai taip pat pristato nauj\u0105 pradinio lygio apdail\u0105 \u201eIX XDrive45\u201c. Jis prisijungia prie \u201eIX XDrive60\u201c ir \u201eNew IX M70 XDrive\u201c, kuris pakei\u010dia M60. Naujasis pradinio lygio \u201eIX XDrive45\u201c sukuria 402 [&hellip;]<\/p>\n","protected":false},"author":1,"featured_media":1205,"comment_status":"","ping_status":"","sticky":false,"template":"","format":"standard","meta":{"om_disable_all_campaigns":false,"_monsterinsights_skip_tracking":false,"_monsterinsights_sitenote_active":false,"_monsterinsights_sitenote_note":"","_monsterinsights_sitenote_category":0,"footnotes":""},"categories":[2],"tags":[],"class_list":["post-1204","post","type-post","status-publish","format-standard","has-post-thumbnail","hentry","category-ekologiski-automobiliai"],"aioseo_notices":[],"_links":{"self":[{"href":"https:\/\/ekotransportas.lt\/index.php\/wp-json\/wp\/v2\/posts\/1204","targetHints":{"allow":["GET"]}}],"collection":[{"href":"https:\/\/ekotransportas.lt\/index.php\/wp-json\/wp\/v2\/posts"}],"about":[{"href":"https:\/\/ekotransportas.lt\/index.php\/wp-json\/wp\/v2\/types\/post"}],"author":[{"embeddable":true,"href":"https:\/\/ekotransportas.lt\/index.php\/wp-json\/wp\/v2\/users\/1"}],"replies":[{"embeddable":true,"href":"https:\/\/ekotransportas.lt\/index.php\/wp-json\/wp\/v2\/comments?post=1204"}],"version-history":[{"count":0,"href":"https:\/\/ekotransportas.lt\/index.php\/wp-json\/wp\/v2\/posts\/1204\/revisions"}],"wp:featuredmedia":[{"embeddable":true,"href":"https:\/\/ekotransportas.lt\/index.php\/wp-json\/wp\/v2\/media\/1205"}],"wp:attachment":[{"href":"https:\/\/ekotransportas.lt\/index.php\/wp-json\/wp\/v2\/media?parent=1204"}],"wp:term":[{"taxonomy":"category","embeddable":true,"href":"https:\/\/ekotransportas.lt\/index.php\/wp-json\/wp\/v2\/categories?post=1204"},{"taxonomy":"post_tag","embeddable":true,"href":"https:\/\/ekotransportas.lt\/index.php\/wp-json\/wp\/v2\/tags?post=1204"}],"curies":[{"name":"wp","href":"https:\/\/api.w.org\/{rel}","templated":true}]}}