{"id":1263,"date":"2025-02-06T22:51:05","date_gmt":"2025-02-06T22:51:05","guid":{"rendered":"https:\/\/ekotransportas.lt\/index.php\/2025\/02\/06\/nissan-patrol-y63-leidimas-australijoje-gali-buti-greitai-stebimas\/"},"modified":"2025-02-06T22:51:05","modified_gmt":"2025-02-06T22:51:05","slug":"nissan-patrol-y63-leidimas-australijoje-gali-buti-greitai-stebimas","status":"publish","type":"post","link":"https:\/\/ekotransportas.lt\/index.php\/2025\/02\/06\/nissan-patrol-y63-leidimas-australijoje-gali-buti-greitai-stebimas\/","title":{"rendered":"\u201eNissan Patrol Y63\u201c leidimas Australijoje gali b\u016bti greitai stebimas"},"content":{"rendered":"<p> <br \/>\n<\/p>\n<div class=\"wp-block-drive-blocks-standfirst\">\n<p class=\"text-xl leading-8 font-light not-italic font-poppins\">\u201eNissan Australia\u201c sako, kad ji kampanija yra pagrindin\u0117 buvein\u0117, siekdama pateikti vietin\u012f naujojo patrulio, \u0161iuo metu numatyto dvej\u0173 met\u0173 laik\u0105, pradedant gaminti de\u0161in\u0119, prad\u017eia.<\/p>\n<\/div>\n<div class=\"wp-block-drive-blocks-gallery\">\n<figure class=\"wp-container-2 wp-block-gallery-1 wp-block-gallery has-nested-images columns-default is-cropped\">\n<figure class=\"wp-block-image size-large\"><\/figure>\n<\/figure>\n<\/div>\n<p>Australijos dvej\u0173 met\u0173 laukimas naujojo <strong>2026 m. \u201eNissan Patrol\u201c<\/strong> gal\u0117t\u0173 b\u016bti sutrumpinta, jei \u012fmon\u0117s vietinis bosas pateks \u012f keli\u0105.<\/p>\n<p>Nors pra\u0117jusi\u0173 met\u0173 pabaigoje \u201eNew Y63 Patrol\u201c buvo parduotas Viduriniuose Rytuose, daug v\u0117liau pradedant gaminti de\u0161in\u0119 rank\u0105, tai rei\u0161kia, kad Australijos u\u017esakymai nebus atidaryti iki 2026 m. Pabaigos.<\/p>\n<p>Apskai\u010diuota, kad pirmieji pavyzd\u017eiai Australijos \u201eNissan\u201c salonuose bus 2026 m. Pabaigoje arba 2027 m. Prad\u017eioje, laukiant tolesnio v\u0117lavimo.<\/p>\n<p>\u201eNissan Okeanijos\u201c generalinis direktorius Andrew Humberstone&#8217;as pasakojo <em>Vairuoti<\/em> Vietiniams klientams gali tekti taip ilgai laukti.<\/p>\n<p><strong>Daugiau: \u201eGoodbye\u201c, V8! 2025 m<\/strong><\/p>\n<div class=\"wp-block-drive-blocks-gallery\">\n<figure class=\"wp-container-4 wp-block-gallery-3 wp-block-gallery has-nested-images columns-default is-cropped\">\n<figure class=\"wp-block-image size-large\"><img decoding=\"async\" loading=\"lazy\" width=\"1920\" height=\"1080\" src=\"https:\/\/media.drive.com.au\/obj\/tx_rs:auto:1920:1080:1\/driveau\/upload\/cms\/uploads\/4d47ab68-ba2f-5346-9211-6754fb450000\" alt=\"\" class=\"wp-image-3436602\" \/><\/figure>\n<\/figure>\n<\/div>\n<p>\u201eMes b\u016bsime pirmoji de\u0161in\u0117s rankos pavara, kuri j\u0105 \u012fgijo, ta\u010diau a\u0161 manau, kad norime pamatyti, k\u0105 galime padaryti d\u0117l to (laikas)\u201c,-sak\u0117 A. Humberstone.<\/p>\n<p>\u201eKair\u0117je rankoje yra did\u017eiul\u0117 paklausa (versija), labai stiprus u\u017esakym\u0173 bankas. Mes darome savo lyg\u012f, kad pagreitintume tai (Australijos paleidimas).<\/p>\n<p>\u201eBet mes vis dar b\u016bsime pirmasis de\u0161in\u0117s rankos vairavimas pasaulyje, kuris j\u012f \u012fgijo\u201c.<\/p>\n<p>Ilgas vietinio \u201eY63 Patrol\u201c atvykimo v\u0117lavimas yra dvej\u0173 su puse met\u0173 pakartojimas, kurio dabartinis V8 varomas Y62 modelis prireik\u0117 pasiekti Australij\u0105 nuo 2010 m. Vasario m\u0117n., Atsiradus 2012 m. Spalio m\u0117n. Vietiniam paleidimui.<\/p>\n<p><strong>Daugiau: \u201eNew Nissan Patrol Y63\u201c paleid\u017eia JAV su nepakeista pradine kaina<\/strong><\/p>\n<div class=\"wp-block-drive-blocks-gallery\">\n<figure class=\"wp-container-6 wp-block-gallery-5 wp-block-gallery has-nested-images columns-default is-cropped\">\n<figure class=\"wp-block-image size-large\"><img decoding=\"async\" loading=\"lazy\" width=\"1920\" height=\"1080\" src=\"https:\/\/media.drive.com.au\/obj\/tx_rs:auto:1920:1080:1\/driveau\/upload\/cms\/uploads\/86e684b6-8957-5145-ac81-1b8cb1a50000\" alt=\"\" class=\"wp-image-3436598\" \/><\/figure>\n<figure class=\"wp-block-image size-large\"><img decoding=\"async\" loading=\"lazy\" width=\"1920\" height=\"1080\" src=\"https:\/\/media.drive.com.au\/obj\/tx_rs:auto:1920:1080:1\/driveau\/upload\/cms\/uploads\/b4342db1-2d62-5ab9-8307-33b20f850000\" alt=\"\" class=\"wp-image-3436600\" \/><\/figure>\n<\/figure>\n<\/div>\n<p>\u201eY62\u201c gamybos datos pabaiga dar n\u0117ra paskelbta Australijai, o \u201eHumberstone Teling\u201c <em>Vairuoti<\/em> \u201eMes nenorime, kad tur\u0117tume joki\u0173 sprag\u0173\u201c nuo \u201eY62\u201c ir \u201eFirst Y63\u201c atvej\u0173.<\/p>\n<p>\u201eMes tai su\u0161velninsime kuo geriau. Ties\u0105 sakant, a\u0161 beveik noriu juos susieti ir, jei galiu, pinti juos kartu. \u201c<\/p>\n<p>Dabar parduodamas Viduriniuose Rytuose ir JAV, naujasis patrulis yra maitinamas 3,5 litro \u201eTwin-Turbo V6\u201c, gautas i\u0161 GT-R, su 317 kW\/700Nm-nuo senojo 298kW\/560Nm V8, suderinto su Y62, suderinta su Y62, suderinta su Y62, suderinta su \u201eY62\u201c, suderinta su \u201eY62\u201c-\u201eY62\u201c-\u201eY62\u201c. Naujas devyni\u0173 grei\u010di\u0173 automobilis.<\/p>\n<p>Sakoma, kad tai visi\u0161kai nauja transporto priemon\u0117, turinti \u0161vie\u017ei\u0105 stili\u0173, daug labiau pa\u017eengus\u012f interjer\u0105 ir adaptyvi\u0105 oro pakab\u0105, pakei\u010dian\u010di\u0105 Y62 hidraulinio k\u016bno judesio valdymo technologij\u0105.<\/p>\n<p>\u201ePost Nissan Patrol Y63\u201c leidimas Australijoje gali b\u016bti greitai stebimas pirmiausia \u201eDrive\u201c.<\/p>\n<p><br \/>\n<br \/><a href=\"https:\/\/www.drive.com.au\/news\/nissan-patrol-y63-launch-could-be-accelerated\/\">Source link <\/a><\/p>\n","protected":false},"excerpt":{"rendered":"<p>\u201eNissan Australia\u201c sako, kad ji kampanija yra pagrindin\u0117 buvein\u0117, siekdama pateikti vietin\u012f naujojo patrulio, \u0161iuo metu numatyto dvej\u0173 met\u0173 laik\u0105, pradedant gaminti de\u0161in\u0119, prad\u017eia. Australijos dvej\u0173 met\u0173 laukimas naujojo 2026 m. \u201eNissan Patrol\u201c gal\u0117t\u0173 b\u016bti sutrumpinta, jei \u012fmon\u0117s vietinis bosas pateks \u012f keli\u0105. Nors pra\u0117jusi\u0173 met\u0173 pabaigoje \u201eNew Y63 Patrol\u201c buvo parduotas Viduriniuose Rytuose, daug [&hellip;]<\/p>\n","protected":false},"author":1,"featured_media":1264,"comment_status":"","ping_status":"","sticky":false,"template":"","format":"standard","meta":{"om_disable_all_campaigns":false,"_monsterinsights_skip_tracking":false,"_monsterinsights_sitenote_active":false,"_monsterinsights_sitenote_note":"","_monsterinsights_sitenote_category":0,"footnotes":""},"categories":[69],"tags":[165,93,138,2109,1854,153,516,2110,2108],"class_list":["post-1263","post","type-post","status-publish","format-standard","has-post-thumbnail","hentry","category-automobiliai-automobiliu-apzvalgos","tag-australijoje","tag-buti","tag-gali","tag-greitai","tag-leidimas","tag-nissan","tag-patrol","tag-stebimas","tag-y63"],"aioseo_notices":[],"_links":{"self":[{"href":"https:\/\/ekotransportas.lt\/index.php\/wp-json\/wp\/v2\/posts\/1263","targetHints":{"allow":["GET"]}}],"collection":[{"href":"https:\/\/ekotransportas.lt\/index.php\/wp-json\/wp\/v2\/posts"}],"about":[{"href":"https:\/\/ekotransportas.lt\/index.php\/wp-json\/wp\/v2\/types\/post"}],"author":[{"embeddable":true,"href":"https:\/\/ekotransportas.lt\/index.php\/wp-json\/wp\/v2\/users\/1"}],"replies":[{"embeddable":true,"href":"https:\/\/ekotransportas.lt\/index.php\/wp-json\/wp\/v2\/comments?post=1263"}],"version-history":[{"count":0,"href":"https:\/\/ekotransportas.lt\/index.php\/wp-json\/wp\/v2\/posts\/1263\/revisions"}],"wp:featuredmedia":[{"embeddable":true,"href":"https:\/\/ekotransportas.lt\/index.php\/wp-json\/wp\/v2\/media\/1264"}],"wp:attachment":[{"href":"https:\/\/ekotransportas.lt\/index.php\/wp-json\/wp\/v2\/media?parent=1263"}],"wp:term":[{"taxonomy":"category","embeddable":true,"href":"https:\/\/ekotransportas.lt\/index.php\/wp-json\/wp\/v2\/categories?post=1263"},{"taxonomy":"post_tag","embeddable":true,"href":"https:\/\/ekotransportas.lt\/index.php\/wp-json\/wp\/v2\/tags?post=1263"}],"curies":[{"name":"wp","href":"https:\/\/api.w.org\/{rel}","templated":true}]}}