{"id":1269,"date":"2025-02-07T22:52:02","date_gmt":"2025-02-07T22:52:02","guid":{"rendered":"https:\/\/ekotransportas.lt\/index.php\/2025\/02\/07\/nissan-ir-honda-merger-derybos-uzklupo-plytu-siena-pranesimas\/"},"modified":"2025-02-07T22:52:02","modified_gmt":"2025-02-07T22:52:02","slug":"nissan-ir-honda-merger-derybos-uzklupo-plytu-siena-pranesimas","status":"publish","type":"post","link":"https:\/\/ekotransportas.lt\/index.php\/2025\/02\/07\/nissan-ir-honda-merger-derybos-uzklupo-plytu-siena-pranesimas\/","title":{"rendered":"\u201eNissan\u201c ir \u201eHonda Merger\u201c derybos u\u017eklupo plyt\u0173 sien\u0105 &#8211; prane\u0161imas"},"content":{"rendered":"<p> <br \/>\n<\/p>\n<div class=\"wp-block-drive-blocks-standfirst\">\n<p class=\"text-xl leading-8 font-light not-italic font-poppins\">Prane\u0161ama, kad \u201eNissan\u201c sak\u0117, kad \u201eHonda\u201c nebenori aptarti susijungimo, o kit\u0105 savait\u0119 tikimasi oficialaus sprendimo.<\/p>\n<\/div>\n<div class=\"wp-block-drive-blocks-gallery\">\n<figure class=\"wp-container-2 wp-block-gallery-1 wp-block-gallery has-nested-images columns-default is-cropped\">\n<figure class=\"wp-block-image size-large\"><\/figure>\n<\/figure>\n<\/div>\n<p>Japonijos susijungimo derybos <strong>\u201eNissan\u201c<\/strong> ir <strong>Honda<\/strong> Prane\u0161ama, kad paai\u0161k\u0117jo skirtumai tarp dviej\u0173 bendrovi\u0173.<\/p>\n<p>\u201eNissan\u201c atsitrauk\u0117 nuo diskusij\u0173 apie susijungim\u0105 su \u201eHonda\u201c-tai pamatyt\u0173 tre\u010diosios pagal dyd\u012f pasaulyje automobili\u0173 grup\u0117s formavim\u0105si-po to, kai pastarasis pasi\u016bl\u0117 \u201eNissan\u201c tapti dukterine \u012fmone, o ne sudaryti bendr\u0105 kontroliuojan\u010di\u0105 bendrov\u0119, <em>\u201eReuters\u201c<\/em> prane\u0161ta.<\/p>\n<p>\u201eNissan\u201c generalinis direktorius Makoto Uchida i\u0161vyko i\u0161 Yokohama \u012f Tokij\u0105 susitikti su \u201eHonda\u201c generaliniu direktoriumi Toshihiro Mibe 2025 m. Vasario 6 d., Ketvirtadien\u012f, ra\u0161oma prane\u0161ime, kad aptart\u0173 \u201eNissan\u201c ketinim\u0105 nutraukti susijungimo derybas.<\/p>\n<p><strong>Daugiau: \u201eNissan\u201c atmeta pasi\u016blym\u0105 tapti \u201eHonda\u201c dukterine \u012fmone, nes susijungimo pokalbiai l\u0117tai &#8211; ataskaita<\/strong><\/p>\n<div class=\"wp-block-drive-blocks-gallery\">\n<figure class=\"wp-container-4 wp-block-gallery-3 wp-block-gallery has-nested-images columns-default is-cropped\">\n<figure class=\"wp-block-image size-large\"><img decoding=\"async\" loading=\"lazy\" width=\"1920\" height=\"1080\" src=\"https:\/\/media.drive.com.au\/obj\/tx_rs:auto:1920:1080:1\/driveau\/upload\/cms\/uploads\/74d533d6-7e56-59a9-b775-453326150000\" alt=\"\" class=\"wp-image-3426595\" \/><\/figure>\n<\/figure>\n<\/div>\n<p>\u201eNissan\u201c ir \u201eHonda\u201c anks\u010diau \u0161i\u0105 savait\u0119 savo investuotojams paskelb\u0117 bendr\u0105 parei\u0161kim\u0105, tvirtindami, kad \u012fmon\u0117s nepaskelb\u0117 informacijos \u017einiasklaidos ataskaitose, o oficiali informacija bus paskelbta vasario viduryje.<\/p>\n<p>Abu automobili\u0173 gamintojai kit\u0105 savait\u0119 paskelbs savo finansinius rezultatus tre\u010di\u0105j\u012f 2025 Japonijos fiskalini\u0173 met\u0173 ketvirt\u012f, o sprendimas d\u0117l susijungimo grei\u010diausiai bus paskelbtas tada.<\/p>\n<p>\u201eBuvo keletas \u017einiasklaidos priemoni\u0173, susijusi\u0173 su valdymo tarp (Nissan ir Honda) integracija, apie kuri\u0105 mes diskutavome ir svarst\u0117me\u201c, &#8211; teig\u0117 investuotojo prane\u0161ime.<\/p>\n<p>\u201eRemdamiesi pra\u0117jusi\u0173 met\u0173 gruod\u017eio 23 d. Pasira\u0161yto supratimo memorandumu,\u201e Nissan \u201cir (\u201e Honda \u201c) yra skatinan\u010dios \u012fvairias diskusijas, \u012fskaitant ataskaitos turin\u012f, ir mes planuojame nustatyti krypt\u012f ir prane\u0161ti apie prane\u0161im\u0105 apie vasario vidur\u012f vasario viduryje \u201c.<\/p>\n<p><strong>Daugiau: \u201eMitsubishi\u201c s\u0117d\u0117ti \u201eNissan\u201c ir \u201eHonda\u201c susijungimas &#8211; ataskaita<\/strong><\/p>\n<div class=\"wp-block-drive-blocks-gallery\">\n<figure class=\"wp-container-6 wp-block-gallery-5 wp-block-gallery has-nested-images columns-default is-cropped\">\n<figure class=\"wp-block-image size-large\"><img decoding=\"async\" loading=\"lazy\" width=\"1920\" height=\"1080\" src=\"https:\/\/media.drive.com.au\/obj\/tx_rs:auto:1920:1080:1\/driveau\/upload\/cms\/uploads\/93744112-3008-53cd-a0fb-c7f203750000\" alt=\"\" class=\"wp-image-3426590\" \/><\/figure>\n<\/figure>\n<\/div>\n<p>Teigiama <em>\u201eReuters\u201c<\/em> pasak\u0117.<\/p>\n<p>Tai apima \u201eFoxconn\u201c &#8211; Taivano elektronikos bendrov\u0119, \u017einom\u0105 d\u0117l savo \u201eApple iPhone\u201c gamybos sutarties, kuri yra vertinama kaip vienas kandidatas po to, kai 2024 m. Gruod\u017eio m\u0117n. Priart\u0117jo prie \u201eNissan\u201c d\u0117l partneryst\u0117s susitarimo, prie\u0161 oficialiai paskelbus \u201eHonda\u201c ir \u201eNissan\u201c derybas tarp \u201eHonda\u201c ir \u201eNissan\u201c.<\/p>\n<p>\u201eHonda\u201c finansin\u0117 pad\u0117tis yra ma\u017edaug penkis kartus didesn\u0117 nei \u201eNissan\u201c. Prane\u0161ama, kad bendrov\u0117 susir\u016bpino \u201eNissan\u201c apsisukimo veiksmais po to, kai 2024 m. Pabaigoje ji \u012fved\u0117 \u201eavarin\u012f re\u017eim\u0105\u201c su ma\u017e\u0117jan\u010diomis pajamomis ir ma\u017eiau nauj\u0173 transporto priemoni\u0173 pardavimo.<\/p>\n<p>\u201e\u201e Honda \u201cskub\u0117jo ir nor\u0117jo greitai susitvarkyti\u201c, &#8211; pasakojo vienas vie\u0161ai neatskleistas asmuo <em>Automobili\u0173 naujienos<\/em>.<\/p>\n<p><strong>Daugiau: \u201eHonda\u201c nori<\/strong><\/p>\n<div class=\"wp-block-drive-blocks-gallery\">\n<figure class=\"wp-container-8 wp-block-gallery-7 wp-block-gallery has-nested-images columns-default is-cropped\">\n<figure class=\"wp-block-image size-large\"><img decoding=\"async\" loading=\"lazy\" width=\"1920\" height=\"1080\" src=\"https:\/\/media.drive.com.au\/obj\/tx_rs:auto:1920:1080:1\/driveau\/upload\/cms\/uploads\/bec2611f-96d6-5e2e-b772-f6e756050000\" alt=\"\" class=\"wp-image-3436597\" \/><\/figure>\n<\/figure>\n<\/div>\n<p>Po to, kai \u0161i\u0105 savait\u0119 pasirod\u0117 \u017einia apie galim\u0105 \u201eHonda\u201c ir \u201eNissan\u201c nesantaik\u0105, buvusi\u0173j\u0173 akcijos padid\u0117jo daugiau nei 8 procentais, o pastarojo daugiau nei 4 procentai &#8211; Tokijo vertybini\u0173 popieri\u0173 bir\u017eoje.<\/p>\n<p><em>\u201eReuters\u201c<\/em> Prane\u0161ama, kad dar vienas kli\u016btis si\u016blomame \u201eHonda-Nissan\u201c susijungime yra potencial\u016bs tarifai Meksikoje i\u0161 JAV prezidento Donaldo Trumpo, kur \u201eNissan\u201c b\u016bt\u0173 paveiktas daugiau nei \u201eHonda\u201c, nes jis eksportuoja didesn\u012f transporto priemoni\u0173 skai\u010di\u0173 i\u0161 Meksikos \u012f JAV.<\/p>\n<p>Prezidentas Trumpas paskelb\u0117, kad 2025 m. Vasario 3 d., Pirmadien\u012f, tarif\u0173 \u012fvedimas Meksikoje ir Kanadoje bus pristabdytas 30 dien\u0173, kai derybos t\u0119sis.<\/p>\n<p>\u201ePost Nissan\u201c ir \u201eHonda Merger\u201c derybos smog\u0117 \u012f plyt\u0173 sien\u0105 &#8211; prane\u0161imas pirm\u0105 kart\u0105 pasirod\u0117 \u201eDrive\u201c.<\/p>\n<p><br \/>\n<br \/><a href=\"https:\/\/www.drive.com.au\/news\/nissan-and-honda-merger-talks-hit-a-brick-wall-report\/\">Source link <\/a><\/p>\n","protected":false},"excerpt":{"rendered":"<p>Prane\u0161ama, kad \u201eNissan\u201c sak\u0117, kad \u201eHonda\u201c nebenori aptarti susijungimo, o kit\u0105 savait\u0119 tikimasi oficialaus sprendimo. Japonijos susijungimo derybos \u201eNissan\u201c ir Honda Prane\u0161ama, kad paai\u0161k\u0117jo skirtumai tarp dviej\u0173 bendrovi\u0173. \u201eNissan\u201c atsitrauk\u0117 nuo diskusij\u0173 apie susijungim\u0105 su \u201eHonda\u201c-tai pamatyt\u0173 tre\u010diosios pagal dyd\u012f pasaulyje automobili\u0173 grup\u0117s formavim\u0105si-po to, kai pastarasis pasi\u016bl\u0117 \u201eNissan\u201c tapti dukterine \u012fmone, o ne sudaryti [&hellip;]<\/p>\n","protected":false},"author":1,"featured_media":1270,"comment_status":"","ping_status":"","sticky":false,"template":"","format":"standard","meta":{"om_disable_all_campaigns":false,"_monsterinsights_skip_tracking":false,"_monsterinsights_sitenote_active":false,"_monsterinsights_sitenote_note":"","_monsterinsights_sitenote_category":0,"footnotes":""},"categories":[69],"tags":[2118,323,2117,153,2120,2122,2121,2119],"class_list":["post-1269","post","type-post","status-publish","format-standard","has-post-thumbnail","hentry","category-automobiliai-automobiliu-apzvalgos","tag-derybos","tag-honda","tag-merger","tag-nissan","tag-plytu","tag-pranesimas","tag-siena","tag-uzklupo"],"aioseo_notices":[],"_links":{"self":[{"href":"https:\/\/ekotransportas.lt\/index.php\/wp-json\/wp\/v2\/posts\/1269","targetHints":{"allow":["GET"]}}],"collection":[{"href":"https:\/\/ekotransportas.lt\/index.php\/wp-json\/wp\/v2\/posts"}],"about":[{"href":"https:\/\/ekotransportas.lt\/index.php\/wp-json\/wp\/v2\/types\/post"}],"author":[{"embeddable":true,"href":"https:\/\/ekotransportas.lt\/index.php\/wp-json\/wp\/v2\/users\/1"}],"replies":[{"embeddable":true,"href":"https:\/\/ekotransportas.lt\/index.php\/wp-json\/wp\/v2\/comments?post=1269"}],"version-history":[{"count":0,"href":"https:\/\/ekotransportas.lt\/index.php\/wp-json\/wp\/v2\/posts\/1269\/revisions"}],"wp:featuredmedia":[{"embeddable":true,"href":"https:\/\/ekotransportas.lt\/index.php\/wp-json\/wp\/v2\/media\/1270"}],"wp:attachment":[{"href":"https:\/\/ekotransportas.lt\/index.php\/wp-json\/wp\/v2\/media?parent=1269"}],"wp:term":[{"taxonomy":"category","embeddable":true,"href":"https:\/\/ekotransportas.lt\/index.php\/wp-json\/wp\/v2\/categories?post=1269"},{"taxonomy":"post_tag","embeddable":true,"href":"https:\/\/ekotransportas.lt\/index.php\/wp-json\/wp\/v2\/tags?post=1269"}],"curies":[{"name":"wp","href":"https:\/\/api.w.org\/{rel}","templated":true}]}}