{"id":1277,"date":"2025-02-08T22:52:50","date_gmt":"2025-02-08T22:52:50","guid":{"rendered":"https:\/\/ekotransportas.lt\/index.php\/2025\/02\/08\/volkswagen-id-1-elektromobiliai-kuriuos-galima-paleisti-2027-m\/"},"modified":"2025-02-08T22:52:50","modified_gmt":"2025-02-08T22:52:50","slug":"volkswagen-id-1-elektromobiliai-kuriuos-galima-paleisti-2027-m","status":"publish","type":"post","link":"https:\/\/ekotransportas.lt\/index.php\/2025\/02\/08\/volkswagen-id-1-elektromobiliai-kuriuos-galima-paleisti-2027-m\/","title":{"rendered":"\u201eVolkswagen Id.1\u201c elektromobiliai, kuriuos galima paleisti 2027 m"},"content":{"rendered":"<p> <br \/>\n<\/p>\n<div>\n<div class=\"authorBio_drive-author-bio__details__Y6hZ8\">\n<div class=\"authorBio_drive-author-bio__avatar__vidvT\">\n<figure class=\"authorAvatar_drive-author-avatar__container__2EMJa authorAvatar_drive-author-avatar__xlarge__5hq5m\"><\/figure>\n<\/div>\n<\/div>\n<p class=\"authorBio_drive-author-bio__description__6MIlE\">Jordanija yra automobili\u0173 \u017eurnalistas, \u012fsik\u016br\u0119s Melburne, vis\u0105 gyvenim\u0105 trunkan\u010di\u0105 aistr\u0105 automobiliams. Jis buvo apsuptas klasikini\u0173 \u201eFords\u201c ir \u201eHoldens\u201c, visi\u0161kai nauj\u0173 automobili\u0173 ir viskas, kas yra nuo gimimo, o jo t\u0117vai turi automobili\u0173 dirbtuves regionin\u0117je Viktorijoje. Jordanas prad\u0117jo ra\u0161yti apie automobilius 2021 m., O 2024 m. \u012estojo \u012f \u201eDrive\u201c komand\u0105.<\/p>\n<p><span class=\"link_drive-link__external__text__am8Xp\">Skaitykite daugiau apie Jordan\u0105 Hickey<\/span><img decoding=\"async\" loading=\"lazy\" src=\"https:\/\/media.drive.com.au\/obj\/tx_dpr:2,q:80,rs:auto:20:20:1,style:cGF0aCB7ZmlsbDogIzI5NjBjNSAhaW1wb3J0YW50fQ==\/driveau\/upload\/cms\/theme\/icons\/LinkIcon\" width=\"20\" height=\"20\" alt=\"\u201eLinkicon\u201c\" class=\"drive-icon drive-icon-LinkIcon link_drive-link__external__icon__uUIYC\"\/><\/div>\n<p><br \/>\n<br \/><a href=\"https:\/\/www.drive.com.au\/news\/volkswagen-id-1-electric-car-to-launch-in-2027-with-au33k-price\/\">Source link <\/a><\/p>\n","protected":false},"excerpt":{"rendered":"<p>Jordanija yra automobili\u0173 \u017eurnalistas, \u012fsik\u016br\u0119s Melburne, vis\u0105 gyvenim\u0105 trunkan\u010di\u0105 aistr\u0105 automobiliams. Jis buvo apsuptas klasikini\u0173 \u201eFords\u201c ir \u201eHoldens\u201c, visi\u0161kai nauj\u0173 automobili\u0173 ir viskas, kas yra nuo gimimo, o jo t\u0117vai turi automobili\u0173 dirbtuves regionin\u0117je Viktorijoje. Jordanas prad\u0117jo ra\u0161yti apie automobilius 2021 m., O 2024 m. \u012estojo \u012f \u201eDrive\u201c komand\u0105. Skaitykite daugiau apie Jordan\u0105 Hickey Source [&hellip;]<\/p>\n","protected":false},"author":1,"featured_media":1278,"comment_status":"","ping_status":"","sticky":false,"template":"","format":"standard","meta":{"om_disable_all_campaigns":false,"_monsterinsights_skip_tracking":false,"_monsterinsights_sitenote_active":false,"_monsterinsights_sitenote_note":"","_monsterinsights_sitenote_category":0,"footnotes":""},"categories":[69],"tags":[118,29,2126,892,2127,60],"class_list":["post-1277","post","type-post","status-publish","format-standard","has-post-thumbnail","hentry","category-automobiliai-automobiliu-apzvalgos","tag-elektromobiliai","tag-galima","tag-id-1","tag-kuriuos","tag-paleisti","tag-volkswagen"],"aioseo_notices":[],"_links":{"self":[{"href":"https:\/\/ekotransportas.lt\/index.php\/wp-json\/wp\/v2\/posts\/1277","targetHints":{"allow":["GET"]}}],"collection":[{"href":"https:\/\/ekotransportas.lt\/index.php\/wp-json\/wp\/v2\/posts"}],"about":[{"href":"https:\/\/ekotransportas.lt\/index.php\/wp-json\/wp\/v2\/types\/post"}],"author":[{"embeddable":true,"href":"https:\/\/ekotransportas.lt\/index.php\/wp-json\/wp\/v2\/users\/1"}],"replies":[{"embeddable":true,"href":"https:\/\/ekotransportas.lt\/index.php\/wp-json\/wp\/v2\/comments?post=1277"}],"version-history":[{"count":0,"href":"https:\/\/ekotransportas.lt\/index.php\/wp-json\/wp\/v2\/posts\/1277\/revisions"}],"wp:featuredmedia":[{"embeddable":true,"href":"https:\/\/ekotransportas.lt\/index.php\/wp-json\/wp\/v2\/media\/1278"}],"wp:attachment":[{"href":"https:\/\/ekotransportas.lt\/index.php\/wp-json\/wp\/v2\/media?parent=1277"}],"wp:term":[{"taxonomy":"category","embeddable":true,"href":"https:\/\/ekotransportas.lt\/index.php\/wp-json\/wp\/v2\/categories?post=1277"},{"taxonomy":"post_tag","embeddable":true,"href":"https:\/\/ekotransportas.lt\/index.php\/wp-json\/wp\/v2\/tags?post=1277"}],"curies":[{"name":"wp","href":"https:\/\/api.w.org\/{rel}","templated":true}]}}