{"id":1403,"date":"2025-02-20T21:25:14","date_gmt":"2025-02-20T21:25:14","guid":{"rendered":"https:\/\/ekotransportas.lt\/index.php\/2025\/02\/20\/mercedes-benz-patvirtina-elektrine-e-klases-c-klases-ir-glc-klase-iki-2027-m\/"},"modified":"2025-02-20T21:25:14","modified_gmt":"2025-02-20T21:25:14","slug":"mercedes-benz-patvirtina-elektrine-e-klases-c-klases-ir-glc-klase-iki-2027-m","status":"publish","type":"post","link":"https:\/\/ekotransportas.lt\/index.php\/2025\/02\/20\/mercedes-benz-patvirtina-elektrine-e-klases-c-klases-ir-glc-klase-iki-2027-m\/","title":{"rendered":"\u201eMercedes-Benz\u201c patvirtina elektrin\u0119 E klas\u0117s, C klas\u0117s ir GLC klas\u0119 iki 2027 m."},"content":{"rendered":"<p> <br \/>\n<\/p>\n<div id=\"\">\n<ul>\n<li><strong>2026 m. CLA klas\u0117 bus si\u016bloma kaip pilna akumuliatoriaus elektromobili\u0173 ir \u0161velnaus hibrido<\/strong><\/li>\n<li><strong>Nauji elektriniai modeliai skiriasi nuo \u201eEQ\u201c serijos d\u0117l platform\u0173, kuriose gali b\u016bti \u012fvairi\u0173 j\u0117gaini\u0173 asortimento<\/strong><\/li>\n<li><strong>\u201eAMG Performance\u201c skyrius taip pat debiutuos savo pirm\u0105j\u0105 elektrini\u0173 transporto priemoni\u0173 serij\u0105<\/strong><\/li>\n<\/ul>\n<p>\u201eMercedes-Benz\u201c per ateinan\u010dius dvejus metus i\u0161leis trij\u0173 populiariausi\u0173 modeli\u0173 vis\u0173 elektros versijas.<\/p>\n<p>Ketvirtadien\u012f pristatydamas 2024 m. Finansinius rezultatus, automobili\u0173 gamintojas teig\u0117, kad C klas\u0117s ir E klas\u0117s sedanai, taip pat GLC klas\u0117s kry\u017eminimasis, gaus vis\u0173 elektrini\u0173 darini\u0173 kaip naujos produkto st\u016bmimo dal\u012f, kuri\u0105 pamatys \u201c. De\u0161imtys \u201enauj\u0173 ar atnaujint\u0173 modeli\u0173 visame pasaulyje paleid\u017eiama iki 2027 m.<\/p>\n<p><span id=\"static-marker-video-player-primis\"\/><\/p>\n<p>\u0160is diegimas prasideda v\u0117liau \u0161iais metais su 2026 m. \u201eMercedes-Benz Cla Class Compact\u201c, kuris bus si\u016blomas su visais elektriniais ir 48 volt\u0173 \u0161velniais hibridiniais j\u0117gain\u0117mis. CLA EV planuojama debiutuoti daugybe patobulinim\u0173, palyginti su dabartin\u0117s kartos \u201eMercedes EVS\u201c, \u012fskaitant an <strong>800 volt\u0173 elektros architekt\u016bra<\/strong> ir protingesn\u0117 regeneracin\u0117 stabd\u017ei\u0173 sistema.<\/p>\n<div class=\"image_wrapper first_wrapper\"><\/p>\n<p>2025 m. \u201eMercedes-Benz E-Class\u201c<\/p>\n<\/div>\n<p>Tie patobulinimai bus dalijami su kitais kompakti\u0161kais modeliais, remiantis naujaisiais <strong>CLA \u201eMercedes-Benz\u201c modulin\u0117 architekt\u016bra (MMA)<\/strong>. Jie grei\u010diausiai bus tarp kit\u0173 modeli\u0173, debiutuojan\u010di\u0173 per ateinan\u010dius por\u0105 met\u0173, prid\u0117dami skirtingus k\u016bno stilius kartu su CLA, kuris, tikimasi, i\u0161liks kaip kup\u0117 pana\u0161us sedanas, pana\u0161us \u012f dabartin\u0119 kart\u0105.<\/p>\n<p>Nors dabartin\u0117 \u201eMercedes\u201c strategija sutelkia d\u0117mes\u012f \u012f specialius elektrinius modelius (\u201eEQB Compact Crossover\u201c yra pastebima i\u0161imtis), CLA EV \u017eymi per\u0117jim\u0105 prie tos pa\u010dios transporto priemon\u0117s si\u016blymo su keliomis j\u0117gain\u0117mis-tokiu, kuris, atrodo, \u012fsib\u0117g\u0117ja su b\u016bsimu C-Class, E, e -Class ir GLC klas\u0117s EV.<\/p>\n<p>\u201eMercedes\u201c taip pat pa\u017ead\u0117jo \u201epaleidimo eilut\u0119\u201c d\u0117l jos <strong>AMG Performanso skyrius<\/strong> Tai apims pirmuosius EV, pagr\u012fstus nauja AMG.EA specialia architekt\u016bra. Pirmasis i\u0161 \u0161i\u0173 veiklos EV, greito sedano, kuris gal\u0117t\u0173 pakeisti dabartin\u0119 \u201eAMG GT 4 dur\u0173 kup\u0117\u201c, planuojama atvykti \u0161iais metais, o po to v\u0117liau po to bus AMG elektrinis visureigis.<\/p>\n<div class=\"image_wrapper\"><img loading=\"lazy\" decoding=\"async\" name=\"tccimg_100946892_m\" title=\"2025 m. \u201eMercedes-Benz GLC\u201c klas\u0117\" alt=\"2025 m. \u201eMercedes-Benz GLC\u201c klas\u0117\" width=\"640\" height=\"424\" data-width=\"1024\" data-height=\"678\" data-url=\"https:\/\/images.hgmsites.net\/lrg\/2025-mercedes-benz-glc-class_100946892_l.jpg\" src-h=\"https:\/\/images.hgmsites.net\/hug\/2025-mercedes-benz-glc-class_100946892_h.jpg\" src=\"https:\/\/images.hgmsites.net\/lrg\/2025-mercedes-benz-glc-class_100946892_l.jpg\" src-l=\"https:\/\/images.hgmsites.net\/lrg\/2025-mercedes-benz-glc-class_100946892_l.jpg\" src-m=\"https:\/\/images.hgmsites.net\/med\/2025-mercedes-benz-glc-class_100946892_m.jpg\" src-s=\"https:\/\/images.hgmsites.net\/sml\/2025-mercedes-benz-glc-class_100946892_s.jpg\" class=\"lazy\"\/><\/p>\n<p>2025 m. \u201eMercedes-Benz GLC\u201c klas\u0117<\/p>\n<\/div>\n<p>Ir pirmasis i\u0161 \u201eMercedes\u201c <strong>naujos kartos elektriniai furgonai<\/strong> planuojama paleisti 2026 m. Jie bus pagr\u012fsti dar viena nauja platforma, dubliuota van.ea. Neseniai \u201eMercedes\u201c pakeit\u0117 kurs\u0105 ir teig\u0117, kad jis taip pat sukurs naujus degimo furgonus, pagr\u012fstus ir kompanion\u0173 platforma.<\/p>\n<p>Vis d\u0117lto ne visi nauji \u201eMercedes\u201c modeliai bus elektriniai. Automobili\u0173 gamintojas taip pat patvirtino esmin\u012f savo pavyzdinio S klas\u0117s sedano atnaujinim\u0105 kitiems metams, ta\u010diau nemin\u0117jo elektros versijos. Ir pra\u0117jusiais metais automobili\u0173 gamintojas atid\u0117jo EV pardavimo tiksl\u0105, kuris iki 2030 m <strong>Vidaus sukibimo varikliai prilipt\u0173 prie<\/strong> Na \u012f kit\u0105 de\u0161imtmet\u012f.<\/p>\n<\/p><\/div>\n<p><br \/>\n<br \/><a href=\"https:\/\/www.greencarreports.com\/news\/1145798_mercedes-benz-confirms-electric-e-class-c-class-and-glc-class-by-2027\">Source link <\/a><\/p>\n","protected":false},"excerpt":{"rendered":"<p>2026 m. CLA klas\u0117 bus si\u016bloma kaip pilna akumuliatoriaus elektromobili\u0173 ir \u0161velnaus hibrido Nauji elektriniai modeliai skiriasi nuo \u201eEQ\u201c serijos d\u0117l platform\u0173, kuriose gali b\u016bti \u012fvairi\u0173 j\u0117gaini\u0173 asortimento \u201eAMG Performance\u201c skyrius taip pat debiutuos savo pirm\u0105j\u0105 elektrini\u0173 transporto priemoni\u0173 serij\u0105 \u201eMercedes-Benz\u201c per ateinan\u010dius dvejus metus i\u0161leis trij\u0173 populiariausi\u0173 modeli\u0173 vis\u0173 elektros versijas. Ketvirtadien\u012f pristatydamas 2024 [&hellip;]<\/p>\n","protected":false},"author":1,"featured_media":1404,"comment_status":"","ping_status":"","sticky":false,"template":"","format":"standard","meta":{"om_disable_all_campaigns":false,"_monsterinsights_skip_tracking":false,"_monsterinsights_sitenote_active":false,"_monsterinsights_sitenote_note":"","_monsterinsights_sitenote_category":0,"footnotes":""},"categories":[2],"tags":[2294,2061,115,1415,171,1131,1014],"class_list":["post-1403","post","type-post","status-publish","format-standard","has-post-thumbnail","hentry","category-ekologiski-automobiliai","tag-elektrine","tag-glc","tag-iki","tag-klase","tag-klases","tag-mercedesbenz","tag-patvirtina"],"aioseo_notices":[],"_links":{"self":[{"href":"https:\/\/ekotransportas.lt\/index.php\/wp-json\/wp\/v2\/posts\/1403","targetHints":{"allow":["GET"]}}],"collection":[{"href":"https:\/\/ekotransportas.lt\/index.php\/wp-json\/wp\/v2\/posts"}],"about":[{"href":"https:\/\/ekotransportas.lt\/index.php\/wp-json\/wp\/v2\/types\/post"}],"author":[{"embeddable":true,"href":"https:\/\/ekotransportas.lt\/index.php\/wp-json\/wp\/v2\/users\/1"}],"replies":[{"embeddable":true,"href":"https:\/\/ekotransportas.lt\/index.php\/wp-json\/wp\/v2\/comments?post=1403"}],"version-history":[{"count":0,"href":"https:\/\/ekotransportas.lt\/index.php\/wp-json\/wp\/v2\/posts\/1403\/revisions"}],"wp:featuredmedia":[{"embeddable":true,"href":"https:\/\/ekotransportas.lt\/index.php\/wp-json\/wp\/v2\/media\/1404"}],"wp:attachment":[{"href":"https:\/\/ekotransportas.lt\/index.php\/wp-json\/wp\/v2\/media?parent=1403"}],"wp:term":[{"taxonomy":"category","embeddable":true,"href":"https:\/\/ekotransportas.lt\/index.php\/wp-json\/wp\/v2\/categories?post=1403"},{"taxonomy":"post_tag","embeddable":true,"href":"https:\/\/ekotransportas.lt\/index.php\/wp-json\/wp\/v2\/tags?post=1403"}],"curies":[{"name":"wp","href":"https:\/\/api.w.org\/{rel}","templated":true}]}}