{"id":1496,"date":"2025-07-06T04:08:53","date_gmt":"2025-07-06T04:08:53","guid":{"rendered":"https:\/\/ekotransportas.lt\/index.php\/2025\/07\/06\/naujasis-mercedes-cla-is-tikruju-parduoda-puikiai\/"},"modified":"2025-07-06T04:08:53","modified_gmt":"2025-07-06T04:08:53","slug":"naujasis-mercedes-cla-is-tikruju-parduoda-puikiai","status":"publish","type":"post","link":"https:\/\/ekotransportas.lt\/index.php\/2025\/07\/06\/naujasis-mercedes-cla-is-tikruju-parduoda-puikiai\/","title":{"rendered":"Naujasis \u201eMercedes CLA\u201c i\u0161 tikr\u0173j\u0173 parduoda puikiai"},"content":{"rendered":"<p><\/p>\n<div>\n<p>Internetas nebuvo tiksliai malonus naujajai CLA, ta\u010diau internetinis internetas nemoka \u201eMercedes\u201c, kad i\u0161likt\u0173 \u017eiburiai. Pirk\u0117jai naudojasi sunkiai u\u017edirbtais pinigais. Trij\u0173 ta\u0161k\u0173 \u017evaig\u017ed\u0117 mielai prane\u0161a, kad jos elektrinio sedano paklausa yra stipri, o gamybos vadovas Joergas Burzeris apib\u016bdina u\u017esakymo suvartojim\u0105 kaip \u201elabai vil\u010di\u0173\u201c. Tiek, kad kompakti\u0161kas prabangus automobilis v\u0117liau \u0161iais metais sudarys trij\u0173 pamain\u0173 gamybos grafik\u0105, kad neatsilikt\u0173 nuo auk\u0161to, nors ir nepatikslinto u\u017esakym\u0173 skai\u010diaus.<\/p>\n<p>\u201eMercedes\u201c nuo baland\u017eio m\u0117n <em>Automobilwoche<\/em>. Ilgas pristatymo laikas paprastai yra stiprios paklausos \u017eenklas, nebent gamybos procese yra kli\u016b\u010di\u0173. Buvo keletas problem\u0173, susijusi\u0173 su ret\u0173j\u0173 \u017eemi\u0173 apsauga, ta\u010diau Burzeris sako, kad \u0161ios problemos buvo i\u0161spr\u0119stos ir \u0161iuo metu n\u0117ra joki\u0173 apribojim\u0173.<\/p>\n<section data-is-mosaic=\"0\" contenteditable=\"false\" draggable=\"true\" data-widget=\"image\" data-border=\"\" data-id=\"8062559\">\n        <span class=\"svg-search\"><br \/>\n            <svg>\n                <use xlink:href=\"https:\/\/www.motor1.com\/design\/dist\/critical\/icons\/sprite-common-0-c22b9e1b69b591f36313a4760a61b994.svg#semidir\"\/>\n            <\/svg><br \/>\n        <\/span>\n    <picture><source type=\"image\/webp\" srcset=\"&#10;            https:\/\/cdn.motor1.com\/images\/mgl\/E6p83e\/s5\/mercedes-cla-2025.webp 213w,&#10;            https:\/\/cdn.motor1.com\/images\/mgl\/E6p83e\/s6\/mercedes-cla-2025.webp 445w,&#10;            https:\/\/cdn.motor1.com\/images\/mgl\/E6p83e\/s4\/mercedes-cla-2025.webp 889w,&#10;            https:\/\/cdn.motor1.com\/images\/mgl\/E6p83e\/s3\/mercedes-cla-2025.webp 1280w,&#10;            https:\/\/cdn.motor1.com\/images\/mgl\/E6p83e\/s2\/mercedes-cla-2025.webp 1440w,&#10;            https:\/\/cdn.motor1.com\/images\/mgl\/E6p83e\/s1\/mercedes-cla-2025.webp 1920w&#10;        \" sizes=\"(max-width: 767px) calc(100vw - 24px), (max-width: 1023px) calc(100vw - 48px), 644px\"><source type=\"image\/jpeg\" srcset=\"&#10;            https:\/\/cdn.motor1.com\/images\/mgl\/E6p83e\/s5\/mercedes-cla-2025.jpg 213w,&#10;            https:\/\/cdn.motor1.com\/images\/mgl\/E6p83e\/s6\/mercedes-cla-2025.jpg 445w,&#10;            https:\/\/cdn.motor1.com\/images\/mgl\/E6p83e\/s4\/mercedes-cla-2025.jpg 889w,&#10;            https:\/\/cdn.motor1.com\/images\/mgl\/E6p83e\/s3\/mercedes-cla-2025.jpg 1280w,&#10;            https:\/\/cdn.motor1.com\/images\/mgl\/E6p83e\/s2\/mercedes-cla-2025.jpg 1440w,&#10;            https:\/\/cdn.motor1.com\/images\/mgl\/E6p83e\/s1\/mercedes-cla-2025.jpg 1920w&#10;        \" sizes=\"(max-width: 767px) calc(100vw - 24px), (max-width: 1023px) calc(100vw - 48px), 644px\"><br \/>\n    <\/source><\/source><\/picture>\n<p>Nuotrauka: \u201eMercedes-Benz\u201c<\/p>\n<\/section>\n<p>CLA gamyba vis dar yra did\u0117jan\u010dioje etape, planuojant prid\u0117ti benzino versij\u0105 \u0161alia met\u0173 pabaigos. Tai bus lengvas hibridinis modelis, pasi\u017eymintis 1,5 litro benzino varikliu su turbokompresoriumi ir a\u0161tuoni\u0173 grei\u010di\u0173 dvigubos sankabos automatine transmisija. Ledo versija tur\u0117t\u0173 \u017eymiai suma\u017einti pradin\u0119 kain\u0105, palyginti su baziniu elektriniu modeliu. Vokietijoje pigiausia EV konfig\u016bracija prasideda nuo 55 858 eur\u0173 u\u017e CLA 250+ su EQ technologija.<\/p>\n<p>Paklausa tur\u0117t\u0173 augti dar toliau, kai buvo paleista nauja CLA \u0161audymo stabd\u017eiu. \u201eMercedes\u201c daro dar vien\u0105 kompakti\u0161k\u0105 vagon\u0105, ir \u0161\u012f kart\u0105 jis taip pat bus parduodamas kaip EV. Jis taip pat bus surinktas Vokietijos gamykloje Rastatt mieste, kur tikimasi pastatyti ir naujos kartos GLA krosover\u012f.<\/p>\n<p>Burzeris neatmet\u0117 prat\u0119sti A klas\u0117s ir B klas\u0117s gyvenimo ciklo. Nepaisant j\u0173 am\u017eiaus, dvi modelio linijos, pastatytos toje pa\u010dioje gamykloje, i\u0161lieka populiarios. Ta\u010diau A klas\u0117s he\u010dbeko ir sedano pakaitalai kartu su B klas\u0117s mikroautobusu n\u0117ra suplanuoti, tod\u0117l CLA tampa naujuoju pradinio lygio modeliu. Kitas \u201eBoxy GLB\u201c yra pakeliui su benzino ir elektrin\u0117mis versijomis, taip pat vadinam\u0105ja \u201ema\u017ea G\u201c, planuojama v\u0117liau \u0161\u012f de\u0161imtmet\u012f.<\/p>\n<section data-widget=\"attached-photogallery\">\n<div itemscope=\"\" itemtype=\"https:\/\/schema.org\/ImageGallery\" class=\"msnt-photo-thumb-gallery inline \">\n                                            <meta itemprop=\"name\" content=\"2026 Mercedes CLA\"\/><br \/>\n                                                                <meta itemprop=\"thumbnailUrl\" content=\"\"\/><\/p>\n<div class=\"msnt-photo-thumb-gallery-main-photo\">\n<picture><source type=\"image\/webp\" srcset=\"&#10;                                            https:\/\/cdn.motor1.com\/images\/mgl\/vxYJZA\/s5\/mercedes-cla-2025.webp 213w,&#10;                                            https:\/\/cdn.motor1.com\/images\/mgl\/vxYJZA\/s6\/mercedes-cla-2025.webp 445w,&#10;                                            https:\/\/cdn.motor1.com\/images\/mgl\/vxYJZA\/s4\/mercedes-cla-2025.webp 889w,&#10;                                            https:\/\/cdn.motor1.com\/images\/mgl\/vxYJZA\/s3\/mercedes-cla-2025.webp 1280w,&#10;                                            https:\/\/cdn.motor1.com\/images\/mgl\/vxYJZA\/s2\/mercedes-cla-2025.webp 1440w,&#10;                                            https:\/\/cdn.motor1.com\/images\/mgl\/vxYJZA\/s1\/mercedes-cla-2025.webp 1920w&#10;                                        \" sizes=\"&#10;                                            (max-width: 767px) calc(100vw - 30px)&#10;                                            (max-width: 1023px) calc(100vw - 50px), &#10;                                            649px&#10;                                        \"><source type=\"image\/jpeg\" srcset=\"&#10;                                            https:\/\/cdn.motor1.com\/images\/mgl\/vxYJZA\/s5\/mercedes-cla-2025.jpg 213w,&#10;                                            https:\/\/cdn.motor1.com\/images\/mgl\/vxYJZA\/s6\/mercedes-cla-2025.jpg 445w,&#10;                                            https:\/\/cdn.motor1.com\/images\/mgl\/vxYJZA\/s4\/mercedes-cla-2025.jpg 889w,&#10;                                            https:\/\/cdn.motor1.com\/images\/mgl\/vxYJZA\/s3\/mercedes-cla-2025.jpg 1280w,&#10;                                            https:\/\/cdn.motor1.com\/images\/mgl\/vxYJZA\/s2\/mercedes-cla-2025.jpg 1440w,&#10;                                            https:\/\/cdn.motor1.com\/images\/mgl\/vxYJZA\/s1\/mercedes-cla-2025.jpg 1920w&#10;                                        \" sizes=\"&#10;                                            (max-width: 767px) calc(100vw - 30px)&#10;                                            (max-width: 1023px) calc(100vw - 50px), &#10;                                            649px&#10;                                        \"><img decoding=\"async\" src=\"https:\/\/cdn.motor1.com\/images\/static\/16x9-tr.png\" loading=\"lazy\" alt=\"2026 m. \u201eMercedes Cla\u201c\" width=\"16\" height=\"9\"\/><br \/>\n                                <\/source><\/source><\/picture>\n<p>\n                                    <svg>\n                                        <use xlink:href=\"https:\/\/www.motor1.com\/design\/dist\/critical\/icons\/sprite-common-2-abb9e784388ce6d52ed9ece751b5658e.svg#nikon\"\/>\n                                    <\/svg><\/p>\n<p>                                    75                                <\/p>\n<\/p><\/div>\n<p>                            \u0160altinis: \u201eMercedes-Benz\u201c                        <\/p>\n<\/p><\/div>\n<\/section>\n<section class=\"relatedContent-new\" contenteditable=\"false\" draggable=\"true\" data-widget=\"related-content\" data-widget-size=\"content\" data-params=\"%7B%22type_id%22%3A0%2C%22title_id%22%3A%22%22%2C%22items%22%3A%5B%7B%22article_edition_id%22%3A%22764346%22%2C%22title%22%3A%22'10%20Years%20Too%20Early%3A'%20Mercedes%20Says%20Futuristic%20EQS%20Styling%20Is%20Hurting%20Sales%22%2C%22alias%22%3A%22mercedes-eqs-looks-too-futuristic%22%2C%22section%22%3A%221%22%2C%22is_video%22%3A%220%22%2C%22images%22%3A%7B%22s5%22%3A%22https%3A%2F%2Fcdn.motor1.com%2Fimages%2Fmgl%2Fkol81P%2Fs5%2Fmercedes-benz-eqs-amg-red-driving-on-a-road.jpg%22%7D%7D%2C%7B%22article_edition_id%22%3A%22764026%22%2C%22title%22%3A%22Mercedes-AMG%20Admits%20The%20Four-Cylinder%20Hybrid%20'Failed%20to%20Resonate'%20With%20Buyers%3A%20Report%22%2C%22alias%22%3A%22amg-four-cylinder-hybrid-failed-resonate-buyers%22%2C%22section%22%3A%221%22%2C%22is_video%22%3A%220%22%2C%22images%22%3A%7B%22s5%22%3A%22https%3A%2F%2Fcdn.motor1.com%2Fimages%2Fmgl%2FjlEpyl%2Fs5%2F2024-mercedes-c63-s-e-performance-review.jpg%22%7D%7D%5D%7D\">   <\/section>\n<p>                        <!-- new gallery place, attached gallery --><\/p><\/div>\n<p><a href=\"https:\/\/www.motor1.com\/news\/764770\/new-mercedes-cla-high-demand\/\"> Nuoroda \u012f informacijos \u0161altin\u012f <\/a><\/p>\n","protected":false},"excerpt":{"rendered":"<p>Internetas nebuvo tiksliai malonus naujajai CLA, ta\u010diau internetinis internetas nemoka \u201eMercedes\u201c, kad i\u0161likt\u0173 \u017eiburiai. Pirk\u0117jai naudojasi sunkiai u\u017edirbtais pinigais. Trij\u0173 ta\u0161k\u0173 \u017evaig\u017ed\u0117 mielai prane\u0161a, kad jos elektrinio sedano paklausa yra stipri, o gamybos vadovas Joergas Burzeris apib\u016bdina u\u017esakymo suvartojim\u0105 kaip \u201elabai vil\u010di\u0173\u201c. Tiek, kad kompakti\u0161kas prabangus automobilis v\u0117liau \u0161iais metais sudarys trij\u0173 pamain\u0173 gamybos grafik\u0105, [&hellip;]<\/p>\n","protected":false},"author":1,"featured_media":1497,"comment_status":"","ping_status":"","sticky":false,"template":"","format":"standard","meta":{"om_disable_all_campaigns":false,"_monsterinsights_skip_tracking":false,"_monsterinsights_sitenote_active":false,"_monsterinsights_sitenote_note":"","_monsterinsights_sitenote_category":0,"footnotes":""},"categories":[2],"tags":[1132,30,350,103,2425,2426,682],"class_list":["post-1496","post","type-post","status-publish","format-standard","has-post-thumbnail","hentry","category-ekologiski-automobiliai","tag-cla","tag-is","tag-mercedes","tag-naujasis","tag-parduoda","tag-puikiai","tag-tikruju"],"aioseo_notices":[],"_links":{"self":[{"href":"https:\/\/ekotransportas.lt\/index.php\/wp-json\/wp\/v2\/posts\/1496","targetHints":{"allow":["GET"]}}],"collection":[{"href":"https:\/\/ekotransportas.lt\/index.php\/wp-json\/wp\/v2\/posts"}],"about":[{"href":"https:\/\/ekotransportas.lt\/index.php\/wp-json\/wp\/v2\/types\/post"}],"author":[{"embeddable":true,"href":"https:\/\/ekotransportas.lt\/index.php\/wp-json\/wp\/v2\/users\/1"}],"replies":[{"embeddable":true,"href":"https:\/\/ekotransportas.lt\/index.php\/wp-json\/wp\/v2\/comments?post=1496"}],"version-history":[{"count":0,"href":"https:\/\/ekotransportas.lt\/index.php\/wp-json\/wp\/v2\/posts\/1496\/revisions"}],"wp:featuredmedia":[{"embeddable":true,"href":"https:\/\/ekotransportas.lt\/index.php\/wp-json\/wp\/v2\/media\/1497"}],"wp:attachment":[{"href":"https:\/\/ekotransportas.lt\/index.php\/wp-json\/wp\/v2\/media?parent=1496"}],"wp:term":[{"taxonomy":"category","embeddable":true,"href":"https:\/\/ekotransportas.lt\/index.php\/wp-json\/wp\/v2\/categories?post=1496"},{"taxonomy":"post_tag","embeddable":true,"href":"https:\/\/ekotransportas.lt\/index.php\/wp-json\/wp\/v2\/tags?post=1496"}],"curies":[{"name":"wp","href":"https:\/\/api.w.org\/{rel}","templated":true}]}}