{"id":1608,"date":"2026-04-02T04:57:52","date_gmt":"2026-04-02T04:57:52","guid":{"rendered":"https:\/\/ekotransportas.lt\/index.php\/2026\/04\/02\/airwater-2026-grizta-i-kosta-mesa\/"},"modified":"2026-04-02T04:57:52","modified_gmt":"2026-04-02T04:57:52","slug":"airwater-2026-grizta-i-kosta-mesa","status":"publish","type":"post","link":"https:\/\/ekotransportas.lt\/index.php\/2026\/04\/02\/airwater-2026-grizta-i-kosta-mesa\/","title":{"rendered":"\u201eAir|Water 2026\u201c gr\u012f\u017eta \u012f Kosta Mes\u0105!"},"content":{"rendered":"<p><\/p>\n<div xmlns:default=\"http:\/\/www.w3.org\/2000\/svg\">\n<section class=\"infobox\" contenteditable=\"false\" draggable=\"true\" data-widget=\"infobox\">\n<div class=\"infobox--wrapper\">\n<div class=\"infobox--text\">\n<ul>\n<li><strong>\u201eAir|Water\u201c yra \u201ePorsche\u201c automobili\u0173 renginys, kuriame gali dalyvauti vis\u0173 laik\u0173 transporto priemon\u0117s, o ne tik oru au\u0161inami automobiliai.<\/strong><\/li>\n<li><strong>Rengin\u012f prad\u0117jo \u201eLuftgek\u00fchlt\u201c komanda.<\/strong><\/li>\n<li><strong>Tai penktoji \u201eAir|Water\u201c dalis ir tre\u010di\u0105 kart\u0105, kai ji vyksta Kosta Mesoje.<\/strong><\/li>\n<\/ul>\n<\/div>\n<\/div>\n<\/section>\n<p>\u201eAir|Water\u201c yra \u012f \u201ePorsche\u201c orientuota automobili\u0173 paroda, kuri i\u0161 \u201eLuftgek\u00fchlt\u201c i\u0161augo \u012f savo rengin\u012f. J\u012f \u012fk\u016br\u0117 ta pati komanda ir siekiama pasi\u016blyti platesn\u0119 \u201ePorsche\u201c patirt\u012f prek\u0117s \u017eenklo gerb\u0117jams.<\/p>\n<p>Baland\u017eio 25 d. \u0161ou gr\u012f\u017eta \u012f OC parod\u0173 centr\u0105 Kosta Mesoje, Kalifornijoje. Tai jau tre\u010dias kartas, kai \u010dia vyksta renginys, o bendras \u201eAir|Water\u201c pasirodymas \u2013 penktasis.<\/p>\n<p>Tur\u0117jome galimyb\u0119 pasikalb\u0117ti su vienu i\u0161 \u0161ou \u012fk\u016br\u0117j\u0173, legendiniu Porsche batu Patrick Long, nor\u0117dami su\u017einoti daugiau apie \u201eAir|Water\u201c.<\/p>\n<section data-widget=\"attached-photogallery\">\n<div itemscope=\"\" itemtype=\"https:\/\/schema.org\/ImageGallery\" class=\"msnt-photo-thumb-gallery inline \">\n                                            <meta itemprop=\"name\" content=\"Air|Water Porsche Show Returns For 2026\"\/><br \/>\n                                                                                    <meta itemprop=\"thumbnailUrl\" content=\"\"\/><\/p>\n<div class=\"msnt-photo-thumb-gallery-main-photo\">\n<picture><source type=\"image\/webp\" srcset=\"&#10;                                            https:\/\/cdn.motor1.com\/images\/mgl\/8A3Y2J\/s5\/air-water-returns-to-costa-mesa-ca-in-2026.webp 213w,&#10;                                            https:\/\/cdn.motor1.com\/images\/mgl\/8A3Y2J\/s6\/air-water-returns-to-costa-mesa-ca-in-2026.webp 445w,&#10;                                            https:\/\/cdn.motor1.com\/images\/mgl\/8A3Y2J\/s4\/air-water-returns-to-costa-mesa-ca-in-2026.webp 889w,&#10;                                            https:\/\/cdn.motor1.com\/images\/mgl\/8A3Y2J\/s3\/air-water-returns-to-costa-mesa-ca-in-2026.webp 1280w,&#10;                                            https:\/\/cdn.motor1.com\/images\/mgl\/8A3Y2J\/s2\/air-water-returns-to-costa-mesa-ca-in-2026.webp 1440w,&#10;                                            https:\/\/cdn.motor1.com\/images\/mgl\/8A3Y2J\/s1\/air-water-returns-to-costa-mesa-ca-in-2026.webp 1920w&#10;                                        \" sizes=\"&#10;                                            (max-width: 767px) calc(100vw - 30px)&#10;                                            (max-width: 1023px) calc(100vw - 50px), &#10;                                            649px&#10;                                        \"\/><source type=\"image\/jpeg\" srcset=\"&#10;                                            https:\/\/cdn.motor1.com\/images\/mgl\/8A3Y2J\/s5\/air-water-returns-to-costa-mesa-ca-in-2026.jpg 213w,&#10;                                            https:\/\/cdn.motor1.com\/images\/mgl\/8A3Y2J\/s6\/air-water-returns-to-costa-mesa-ca-in-2026.jpg 445w,&#10;                                            https:\/\/cdn.motor1.com\/images\/mgl\/8A3Y2J\/s4\/air-water-returns-to-costa-mesa-ca-in-2026.jpg 889w,&#10;                                            https:\/\/cdn.motor1.com\/images\/mgl\/8A3Y2J\/s3\/air-water-returns-to-costa-mesa-ca-in-2026.jpg 1280w,&#10;                                            https:\/\/cdn.motor1.com\/images\/mgl\/8A3Y2J\/s2\/air-water-returns-to-costa-mesa-ca-in-2026.jpg 1440w,&#10;                                            https:\/\/cdn.motor1.com\/images\/mgl\/8A3Y2J\/s1\/air-water-returns-to-costa-mesa-ca-in-2026.jpg 1920w&#10;                                        \" sizes=\"&#10;                                            (max-width: 767px) calc(100vw - 30px)&#10;                                            (max-width: 1023px) calc(100vw - 50px), &#10;                                            649px&#10;                                        \"\/>\n                                <\/picture>\n<p>\n                                    <svg>\n                                        <use xlink:href=\"https:\/\/www.motor1.com\/design\/dist\/critical\/icons\/sprite-common-2-dfdfde4688448e41e4f31dc7be6f9d4d.svg#nikon\"\/>\n                                    <\/svg><\/p>\n<p>                                    26                                <\/p>\n<\/p><\/div>\n<p>                            \u0160altinis: Oras|Vanduo                        <\/p>\n<\/p><\/div>\n<\/section>\n<p>Kadangi Longas jau dalyvavo \u201eLuft\u201c \u0161ou, mums buvo \u012fdomu, kas paskatino j\u012f prad\u0117ti \u0161iuos papildomus \u201ePorsche\u201c pasirodymus su \u201eAir|Water\u201c. \u201eNoras atidaryti visi\u0161kai nauj\u0105 format\u0105: \u201eAir|Water\u201c suteik\u0117 mums galimyb\u0119 i\u0161pl\u0117sti pasi\u016bl\u0105 tokiais dalykais kaip m\u016bs\u0173 tiesioginis \u201ePorsche\u201c aukcionas ir parod\u0173 sal\u0117s paroda\u201c, \u2013 sako Longas.<\/p>\n<p>&#8222;Tai buvo m\u016bs\u0173 galimyb\u0117 atimti \u0161iek tiek paslapties ir sutikti nauj\u0105 Porsche patirt\u012f platesnei auditorijai, kuri gali tapti \u017einoma kasmetine susib\u016brimo vieta. &#8222;Luft&#8221; daugiausia d\u0117mesio skyr\u0117 senoviniam laikotarpiui, tod\u0117l mes nepasakojome nuostabi\u0173 istorij\u0173 nuo 1999 m., o nor\u0117jome \u012ftraukti naujausias &#8222;Porsche&#8221; technologijas, naujus automobilius ir naujas kartas.&#8221;<\/p>\n<section data-is-mosaic=\"0\" contenteditable=\"false\" draggable=\"true\" data-widget=\"image\" data-border=\"\" data-id=\"8445398\">\n        <span class=\"svg-search\"><br \/>\n            <svg>\n                <use xlink:href=\"https:\/\/www.motor1.com\/design\/dist\/critical\/icons\/sprite-common-0-7f448868cc7786b85d272127e9434798.svg#semidir\"\/>\n            <\/svg><br \/>\n        <\/span>\n    <picture><source type=\"image\/webp\" srcset=\"&#10;            https:\/\/cdn.motor1.com\/images\/mgl\/jlWwJ6\/s5\/air-water-returns-to-costa-mesa-ca-in-2026.webp 213w,&#10;            https:\/\/cdn.motor1.com\/images\/mgl\/jlWwJ6\/s6\/air-water-returns-to-costa-mesa-ca-in-2026.webp 445w,&#10;            https:\/\/cdn.motor1.com\/images\/mgl\/jlWwJ6\/s4\/air-water-returns-to-costa-mesa-ca-in-2026.webp 889w,&#10;            https:\/\/cdn.motor1.com\/images\/mgl\/jlWwJ6\/s3\/air-water-returns-to-costa-mesa-ca-in-2026.webp 1280w,&#10;            https:\/\/cdn.motor1.com\/images\/mgl\/jlWwJ6\/s2\/air-water-returns-to-costa-mesa-ca-in-2026.webp 1440w,&#10;            https:\/\/cdn.motor1.com\/images\/mgl\/jlWwJ6\/s1\/air-water-returns-to-costa-mesa-ca-in-2026.webp 1920w&#10;        \" sizes=\"(max-width: 767px) calc(100vw - 24px), (max-width: 1023px) calc(100vw - 48px), 644px\"\/><source type=\"image\/jpeg\" srcset=\"&#10;            https:\/\/cdn.motor1.com\/images\/mgl\/jlWwJ6\/s5\/air-water-returns-to-costa-mesa-ca-in-2026.jpg 213w,&#10;            https:\/\/cdn.motor1.com\/images\/mgl\/jlWwJ6\/s6\/air-water-returns-to-costa-mesa-ca-in-2026.jpg 445w,&#10;            https:\/\/cdn.motor1.com\/images\/mgl\/jlWwJ6\/s4\/air-water-returns-to-costa-mesa-ca-in-2026.jpg 889w,&#10;            https:\/\/cdn.motor1.com\/images\/mgl\/jlWwJ6\/s3\/air-water-returns-to-costa-mesa-ca-in-2026.jpg 1280w,&#10;            https:\/\/cdn.motor1.com\/images\/mgl\/jlWwJ6\/s2\/air-water-returns-to-costa-mesa-ca-in-2026.jpg 1440w,&#10;            https:\/\/cdn.motor1.com\/images\/mgl\/jlWwJ6\/s1\/air-water-returns-to-costa-mesa-ca-in-2026.jpg 1920w&#10;        \" sizes=\"(max-width: 767px) calc(100vw - 24px), (max-width: 1023px) calc(100vw - 48px), 644px\"\/><img decoding=\"async\" src=\"https:\/\/cdn.motor1.com\/images\/static\/16x9-tr.png\" alt=\"\u201eAir|Water\u201c gr\u012f\u017eta \u012f Kosta Mes\u0105, Kalifornij\u0105 2026 m\" width=\"16\" height=\"9\" loading=\"lazy\"\/>\n    <\/picture>\n<p>Nuotrauka: Air|Water<\/p>\n<\/section>\n<p>Tai tikrai rei\u0161kia, kad pasirodys daug daugiau puiki\u0173 transporto priemoni\u0173. Bet ar Long turi m\u0117gstamiausi\u0105? \u201e2013 m. Porsche 911 GT3R. Tai buvo \u201eManthey Racing\u201c automobilis su ikonine \u201eGrello\u201c apdaila, kuri buvo dalis \u201eAir|Water\u201c garsumo momento, kur\u012f padidino ne kas kitas, o Jorgas Bergmeisteris, kuris tam tikru metu pilotavo automobil\u012f. <\/p>\n<p>Vis d\u0117lto visada yra daugiau automobili\u0173, kurie gal\u0117t\u0173 pasirodyti tokiame renginyje. Taigi mes paklaus\u0117me Patriko, k\u0105 jis tikisi vien\u0105 dien\u0105 pamatyti \u201eAir|Water\u201c. &#8222;Porsche GT1 yra lenktyninis ir ribotas keli\u0173 automobilis, kurio mes dar neparod\u0117me. \u0160is automobilis atsirado tuo pat metu, kai variklis buvo pakeistas i\u0161 oro \u012f vanden\u012f au\u0161inamas, 993 pagrindu sukurtas GT1, debiutav\u0119s 1996 m., ir 996 versija.&#8221;<\/p>\n<blockquote>\n<p>&#8222;Automobilis yra ikoni\u0161kas ir sulauk\u0117 daugyb\u0117s s\u0117kmi\u0173, LeMan ir ne tik. Riboti gatvi\u0173 pavyzd\u017eiai yra tokie pat reti ir geid\u017eiami. Tikim\u0117s, kad 2026 m. bus metai, kai pristatysime \u0161\u012f heroj\u0173 automobil\u012f.&#8221;<\/p>\n<\/blockquote>\n<p>Tai atrodo kaip galimas u\u017euominas, ko \u017emon\u0117s gali tik\u0117tis \u201eAir|Water 2026\u201c. Ta\u010diau man \u012fdomu, ar yra b\u016bd\u0173, kaip dar labiau i\u0161pl\u0117sti \u201eAir|Water\u201c. Paklausiau Patriko, ar ateityje b\u016bt\u0173 galima prid\u0117ti takeli\u0173 rengini\u0173.<\/p>\n<section data-is-mosaic=\"0\" contenteditable=\"false\" draggable=\"true\" data-widget=\"image\" data-border=\"\" data-id=\"8445388\">\n        <span class=\"svg-search\"><br \/>\n            <svg>\n                <use xlink:href=\"https:\/\/www.motor1.com\/design\/dist\/critical\/icons\/sprite-common-0-7f448868cc7786b85d272127e9434798.svg#semidir\"\/>\n            <\/svg><br \/>\n        <\/span>\n    <picture><source type=\"image\/webp\" srcset=\"&#10;            https:\/\/cdn.motor1.com\/images\/mgl\/nAlbER\/s5\/air-water-returns-to-costa-mesa-ca-in-2026.webp 213w,&#10;            https:\/\/cdn.motor1.com\/images\/mgl\/nAlbER\/s6\/air-water-returns-to-costa-mesa-ca-in-2026.webp 445w,&#10;            https:\/\/cdn.motor1.com\/images\/mgl\/nAlbER\/s4\/air-water-returns-to-costa-mesa-ca-in-2026.webp 889w,&#10;            https:\/\/cdn.motor1.com\/images\/mgl\/nAlbER\/s3\/air-water-returns-to-costa-mesa-ca-in-2026.webp 1280w,&#10;            https:\/\/cdn.motor1.com\/images\/mgl\/nAlbER\/s2\/air-water-returns-to-costa-mesa-ca-in-2026.webp 1440w,&#10;            https:\/\/cdn.motor1.com\/images\/mgl\/nAlbER\/s1\/air-water-returns-to-costa-mesa-ca-in-2026.webp 1920w&#10;        \" sizes=\"(max-width: 767px) calc(100vw - 24px), (max-width: 1023px) calc(100vw - 48px), 644px\"\/><source type=\"image\/jpeg\" srcset=\"&#10;            https:\/\/cdn.motor1.com\/images\/mgl\/nAlbER\/s5\/air-water-returns-to-costa-mesa-ca-in-2026.jpg 213w,&#10;            https:\/\/cdn.motor1.com\/images\/mgl\/nAlbER\/s6\/air-water-returns-to-costa-mesa-ca-in-2026.jpg 445w,&#10;            https:\/\/cdn.motor1.com\/images\/mgl\/nAlbER\/s4\/air-water-returns-to-costa-mesa-ca-in-2026.jpg 889w,&#10;            https:\/\/cdn.motor1.com\/images\/mgl\/nAlbER\/s3\/air-water-returns-to-costa-mesa-ca-in-2026.jpg 1280w,&#10;            https:\/\/cdn.motor1.com\/images\/mgl\/nAlbER\/s2\/air-water-returns-to-costa-mesa-ca-in-2026.jpg 1440w,&#10;            https:\/\/cdn.motor1.com\/images\/mgl\/nAlbER\/s1\/air-water-returns-to-costa-mesa-ca-in-2026.jpg 1920w&#10;        \" sizes=\"(max-width: 767px) calc(100vw - 24px), (max-width: 1023px) calc(100vw - 48px), 644px\"\/><img decoding=\"async\" src=\"https:\/\/cdn.motor1.com\/images\/static\/16x9-tr.png\" alt=\"\u201eAir|Water\u201c gr\u012f\u017eta \u012f Kosta Mes\u0105, Kalifornij\u0105 2026 m\" width=\"16\" height=\"9\" loading=\"lazy\"\/>\n    <\/picture>\n<p>Nuotrauka: Air|Water<\/p>\n<\/section>\n<p>&#8222;Mes praeityje reng\u0117me kelet\u0105 pasirinkt\u0173 rengini\u0173 ir visada esame atviri naujoms formul\u0117ms. Steb\u0117kite \u0161i\u0105 erdv\u0119!&#8221;<\/p>\n<p>Atrodo, kad komanda turi dideli\u0173 plan\u0173 d\u0117l \u201eAir|Water\u201c ir \u201eLuft\u201c ateities, atsi\u017evelgiant \u012f pastarojo meto Tokijo renginio s\u0117km\u0119.<\/p>\n<p>Jei baland\u017eio 26 d. esate Kosta Mesos rajone, tai skamba kaip puikus b\u016bdas praleisti dien\u0105. Eikite \u012f \u201eAir|Water\u201c svetain\u0119, kur rasite biliet\u0173 ir daugiau informacijos.<\/p>\n<section class=\"relatedContent-new\" contenteditable=\"false\" draggable=\"true\" data-widget=\"related-content\" data-widget-size=\"content\" data-params=\"%7B%22type_id%22%3A0%2C%22title_id%22%3A%22%22%2C%22items%22%3A%5B%7B%22article_edition_id%22%3A%22791767%22%2C%22title%22%3A%22Porsche%20Is%20Keeping%20Gas%20Engines%20'Far%20Into%20The%20Next%20Decade'%22%2C%22alias%22%3A%22porsche-gas-engines-far-next-decade%22%2C%22section%22%3A%221%22%2C%22is_video%22%3A%220%22%2C%22images%22%3A%7B%22s5%22%3A%22https%3A%2F%2Fcdn.motor1.com%2Fimages%2Fmgl%2F02Npn%2Fs5%2F2022-porsche-cayenne-turbo-gt-engine.jpg%22%7D%7D%2C%7B%22article_edition_id%22%3A%22791532%22%2C%22title%22%3A%22This%20%24300K%20Porsche%20911%20Restomod%20Swaps%20Gas%20Engine%20For%20Electric%20Motor%20%20%22%2C%22alias%22%3A%22electric-porsche-911-kindred-restomod%22%2C%22section%22%3A%221%22%2C%22is_video%22%3A%220%22%2C%22images%22%3A%7B%22s5%22%3A%22https%3A%2F%2Fcdn.motor1.com%2Fimages%2Fmgl%2FL3ykNQ%2Fs5%2Fkindred-porsche-911-ev.jpg%22%7D%7D%2C%7B%22article_edition_id%22%3A%22791248%22%2C%22title%22%3A%22The%202026%20Porsche%20Cayenne%20Turbo%20Electric%20Turns%20Skeptics%20Into%20Believers%3A%20Review%22%2C%22alias%22%3A%22porsche-cayenne-electric-first-drive%22%2C%22section%22%3A%222%22%2C%22is_video%22%3A%221%22%2C%22images%22%3A%7B%22s5%22%3A%22https%3A%2F%2Fcdn.motor1.com%2Fimages%2Fmgl%2Fxq3now%2Fs5%2F2026-porsche-cayenne-electric-first-drive.jpg%22%7D%7D%2C%7B%22article_edition_id%22%3A%22791246%22%2C%22title%22%3A%22Magnus%20Walker%20Outlaw%20Collection%20Outperforms%20Pre-Auction%20Estimates%22%2C%22alias%22%3A%22magnus-walker-outlaw-collection-auction%22%2C%22section%22%3A%221%22%2C%22is_video%22%3A%220%22%2C%22images%22%3A%7B%22s5%22%3A%22https%3A%2F%2Fcdn.motor1.com%2Fimages%2Fmgl%2FP3B0nr%2Fs5%2Fmagnus-walker-outlaw-porsche-collection.jpg%22%7D%7D%5D%7D\">   <\/section>\n<section class=\"widget-newsletter\" contenteditable=\"false\" draggable=\"true\" data-widget=\"widget-newsletter\">\n<\/section>\n<p>                                                                        <!-- new gallery place, attached gallery --><\/p>\n<section class=\"m1-survey-promo bg-fill-soft-200 hidden text-text-contrast-ink space-y-spacing-md-xs my-spacing-md-lg pt-spacing-md-xs pr-spacing-md-md pb-spacing-md-sm pl-spacing-md-sm rounded-r-radius-24 border border-l-(6px) border-stroke-contrast-300\">\n<p class=\"comfort-title-large flex gap-spacing-sm-base items-center\">\n\t\t<default:svg xmlns=\"http:\/\/www.w3.org\/2000\/svg\" width=\"24\" height=\"25\" viewbox=\"0 0 24 25\" fill=\"none\" class=\"inline\"><br \/>\n\t\t\t<default:path d=\"M18 8.46875C18.7956 8.46875 19.5587 8.78482 20.1213 9.34743C20.6839 9.91004 21 10.6731 21 11.4688C21 12.2644 20.6839 13.0275 20.1213 13.5901C19.5587 14.1527 18.7956 14.4687 18 14.4688M10 8.46875V19.4688C10 19.734 9.89464 19.9883 9.70711 20.1759C9.51957 20.3634 9.26522 20.4688 9 20.4688H8C7.73478 20.4688 7.48043 20.3634 7.29289 20.1759C7.10536 19.9883 7 19.734 7 19.4688V14.4688M12 8.46876L16.524 4.69876C16.6555 4.58927 16.8154 4.51951 16.9851 4.49766C17.1548 4.47582 17.3271 4.50279 17.482 4.57541C17.6369 4.64803 17.7679 4.7633 17.8597 4.90771C17.9514 5.05212 18.0001 5.21968 18 5.39076V17.5468C18.0001 17.7178 17.9514 17.8854 17.8597 18.0298C17.7679 18.1742 17.6369 18.2895 17.482 18.3621C17.3271 18.4347 17.1548 18.4617 16.9851 18.4399C16.8154 18.418 16.6555 18.3483 16.524 18.2388L12 14.4688H4C3.73478 14.4688 3.48043 14.3634 3.29289 14.1759C3.10536 13.9883 3 13.734 3 13.4688V9.46876C3 9.20354 3.10536 8.94919 3.29289 8.76165C3.48043 8.57412 3.73478 8.46876 4 8.46876H12Z\" stroke=\"currentColor\" stroke-width=\"2\" stroke-linecap=\"round\" stroke-linejoin=\"round\"\/><br \/>\n\t\t<\/default:svg><br \/>\n\t\t<span>Mes norime j\u016bs\u0173 nuomon\u0117s!<\/span>\n\t<\/p>\n<div class=\"compact-body-large\">\n<p>K\u0105 nor\u0117tum\u0117te pamatyti Motor1.com?<\/p>\n<p>\t\t\tDalyvaukite m\u016bs\u0173 3 minu\u010di\u0173 apklausoje.\n\t<\/p><\/div>\n<p class=\"compact-body-medium\">&#8211; Motor1.com komanda<\/p>\n<\/section><\/div>\n<p><a href=\"https:\/\/www.motor1.com\/news\/791854\/air-water-porsche-show-2026\/\"> Nuoroda \u012f informacijos \u0161altin\u012f <\/a><\/p>\n","protected":false},"excerpt":{"rendered":"<p>\u201eAir|Water\u201c yra \u201ePorsche\u201c automobili\u0173 renginys, kuriame gali dalyvauti vis\u0173 laik\u0173 transporto priemon\u0117s, o ne tik oru au\u0161inami automobiliai. Rengin\u012f prad\u0117jo \u201eLuftgek\u00fchlt\u201c komanda. Tai penktoji \u201eAir|Water\u201c dalis ir tre\u010di\u0105 kart\u0105, kai ji vyksta Kosta Mesoje. \u201eAir|Water\u201c yra \u012f \u201ePorsche\u201c orientuota automobili\u0173 paroda, kuri i\u0161 \u201eLuftgek\u00fchlt\u201c i\u0161augo \u012f savo rengin\u012f. J\u012f \u012fk\u016br\u0117 ta pati komanda ir siekiama [&hellip;]<\/p>\n","protected":false},"author":1,"featured_media":1609,"comment_status":"","ping_status":"","sticky":false,"template":"","format":"standard","meta":{"om_disable_all_campaigns":false,"_monsterinsights_skip_tracking":false,"_monsterinsights_sitenote_active":false,"_monsterinsights_sitenote_note":"","_monsterinsights_sitenote_category":0,"footnotes":""},"categories":[2],"tags":[2598,1850,2599,2600],"class_list":["post-1608","post","type-post","status-publish","format-standard","has-post-thumbnail","hentry","category-ekologiski-automobiliai","tag-airwater","tag-grizta","tag-kosta","tag-mesa"],"aioseo_notices":[],"_links":{"self":[{"href":"https:\/\/ekotransportas.lt\/index.php\/wp-json\/wp\/v2\/posts\/1608","targetHints":{"allow":["GET"]}}],"collection":[{"href":"https:\/\/ekotransportas.lt\/index.php\/wp-json\/wp\/v2\/posts"}],"about":[{"href":"https:\/\/ekotransportas.lt\/index.php\/wp-json\/wp\/v2\/types\/post"}],"author":[{"embeddable":true,"href":"https:\/\/ekotransportas.lt\/index.php\/wp-json\/wp\/v2\/users\/1"}],"replies":[{"embeddable":true,"href":"https:\/\/ekotransportas.lt\/index.php\/wp-json\/wp\/v2\/comments?post=1608"}],"version-history":[{"count":0,"href":"https:\/\/ekotransportas.lt\/index.php\/wp-json\/wp\/v2\/posts\/1608\/revisions"}],"wp:featuredmedia":[{"embeddable":true,"href":"https:\/\/ekotransportas.lt\/index.php\/wp-json\/wp\/v2\/media\/1609"}],"wp:attachment":[{"href":"https:\/\/ekotransportas.lt\/index.php\/wp-json\/wp\/v2\/media?parent=1608"}],"wp:term":[{"taxonomy":"category","embeddable":true,"href":"https:\/\/ekotransportas.lt\/index.php\/wp-json\/wp\/v2\/categories?post=1608"},{"taxonomy":"post_tag","embeddable":true,"href":"https:\/\/ekotransportas.lt\/index.php\/wp-json\/wp\/v2\/tags?post=1608"}],"curies":[{"name":"wp","href":"https:\/\/api.w.org\/{rel}","templated":true}]}}