{"id":461,"date":"2024-10-21T01:17:46","date_gmt":"2024-10-21T01:17:46","guid":{"rendered":"https:\/\/ekotransportas.lt\/index.php\/2024\/10\/21\/paskutinis-michaelio-schumacherio-ferrari-f1-automobilis-gali-buti-jusu\/"},"modified":"2024-10-21T01:17:46","modified_gmt":"2024-10-21T01:17:46","slug":"paskutinis-michaelio-schumacherio-ferrari-f1-automobilis-gali-buti-jusu","status":"publish","type":"post","link":"https:\/\/ekotransportas.lt\/index.php\/2024\/10\/21\/paskutinis-michaelio-schumacherio-ferrari-f1-automobilis-gali-buti-jusu\/","title":{"rendered":"Paskutinis Michaelio Schumacherio Ferrari F1 automobilis gali b\u016bti j\u016bs\u0173"},"content":{"rendered":"<p> <br \/>\n<\/p>\n<div>\n<ul>\n<li><strong>Michaelio Schumacherio 2006 m. Ferrari 248 parduodamas aukcione.<\/strong><\/li>\n<li><strong>Schumacheris laim\u0117jo penkias lenktynes \u200b\u200b\u0161iuo automobiliu, va\u017eiuokl\u0117s Nr. 254.<\/strong><\/li>\n<li><strong><strong>2006-ieji buvo paskutiniai Schumacherio metai su \u201eFerrari\u201c, kol jis pirm\u0105 kart\u0105 i\u0161\u0117jo \u012f pensij\u0105.<\/strong><\/strong><\/li>\n<\/ul>\n<hr\/>\n<p><span style=\"font-size: 17px; font-family: var(--main-font-family);\">Galimyb\u0117 \u012fsigyti Formul\u0117s 1 automobil\u012f pasitaiko ne taip da\u017enai. Dabar j\u016bs turite galimyb\u0119 savo gara\u017ee pateikti labai ypating\u0105 pavyzd\u012f. \u201eRM Sotheby&#8217;s\u201c parduoda vien\u0105 s\u0117kmingiausi\u0173 Michaelio Schumacherio \u201eFerrari F1\u201c lenktynini\u0173 automobili\u0173 \u2013 2006 m. \u201eFerrari 248\u201c.<\/span><\/p>\n<p>Schumacheris lenktyniavo su \u201eFerrari\u201c, va\u017eiuokl\u0117s Nr. 254, iki penki\u0173 pergali\u0173, \u012fskaitant JAV, Europos ir Vokietijos Grand Prix. Jis taip pat peln\u0117 tris antr\u0105sias vietas, keturis grei\u010diausius ratus ir tris \u201epole\u201c pozicijas automobiliu. \u0160ioje va\u017eiuokl\u0117je Schumacheris 2006 m. vir\u0161ijo Ayrtono Sennos \u201epole position\u201c rekord\u0105 \u2013 paskutinius metus \u0161iame sporte prie\u0161 pasitraukim\u0105 (pirm\u0105 kart\u0105).<\/p>\n<section contenteditable=\"false\" draggable=\"true\" data-widget=\"image\" data-border=\"\" data-id=\"7932807\"> <span class=\"svg-search\"> <svg> <use xlink:href=\"https:\/\/www.motor1.com\/design\/dist\/critical\/icons\/sprite-common-4-aab71d103bb6c273cab9291678c627d9.svg#search\"\/> <\/svg> <\/span> <picture><source type=\"image\/webp\" srcset=\" https:\/\/cdn.motor1.com\/images\/mgl\/AkNpNP\/s5\/michael-schumacher-s-2006-ferrari-248-formula-one-car.webp 213w, https:\/\/cdn.motor1.com\/images\/mgl\/AkNpNP\/s6\/michael-schumacher-s-2006-ferrari-248-formula-one-car.webp 445w, https:\/\/cdn.motor1.com\/images\/mgl\/AkNpNP\/s4\/michael-schumacher-s-2006-ferrari-248-formula-one-car.webp 889w, https:\/\/cdn.motor1.com\/images\/mgl\/AkNpNP\/s3\/michael-schumacher-s-2006-ferrari-248-formula-one-car.webp 1280w, https:\/\/cdn.motor1.com\/images\/mgl\/AkNpNP\/s2\/michael-schumacher-s-2006-ferrari-248-formula-one-car.webp 1440w, https:\/\/cdn.motor1.com\/images\/mgl\/AkNpNP\/s1\/michael-schumacher-s-2006-ferrari-248-formula-one-car.webp 1920w \" sizes=\"(max-width: 767px) calc(100vw - 30px), (max-width: 1023px) calc(100vw - 50px), 649px\"><source type=\"image\/jpeg\" srcset=\" https:\/\/cdn.motor1.com\/images\/mgl\/AkNpNP\/s5\/michael-schumacher-s-2006-ferrari-248-formula-one-car.jpg 213w, https:\/\/cdn.motor1.com\/images\/mgl\/AkNpNP\/s6\/michael-schumacher-s-2006-ferrari-248-formula-one-car.jpg 445w, https:\/\/cdn.motor1.com\/images\/mgl\/AkNpNP\/s4\/michael-schumacher-s-2006-ferrari-248-formula-one-car.jpg 889w, https:\/\/cdn.motor1.com\/images\/mgl\/AkNpNP\/s3\/michael-schumacher-s-2006-ferrari-248-formula-one-car.jpg 1280w, https:\/\/cdn.motor1.com\/images\/mgl\/AkNpNP\/s2\/michael-schumacher-s-2006-ferrari-248-formula-one-car.jpg 1440w, https:\/\/cdn.motor1.com\/images\/mgl\/AkNpNP\/s1\/michael-schumacher-s-2006-ferrari-248-formula-one-car.jpg 1920w \" sizes=\"(max-width: 767px) calc(100vw - 30px), (max-width: 1023px) calc(100vw - 50px), 649px\"> <\/source><\/source><\/picture>\n<p>RM Sotheby&#8217;s<\/p>\n<\/section>\n<p>248 buvo pirmasis Ferrari V-8, varomas Ferrari F1 automobiliu nuo 1964 m., o u\u017e vairuotojo stov\u0117jo 2,4 litro variklis. I\u0161 prad\u017ei\u0173 jis pagamino 730 arklio gali\u0173, ta\u010diau iki sezono pabaigos i\u0161leido 785 AG.<\/p>\n<p>Dabartinis savininkas automobil\u012f \u012fsigijo i\u0161 \u201eFerrari\u201c komandos 2007 m. gruod\u012f, o 2008 m. jis gavo \u201eFerrari Classiche\u201c Raudonosios knygos sertifikat\u0105, patvirtinant\u012f, kad jo komponent\u0173 numeriai sutampa. RM nenurodo numatomos pardavimo kainos, nors j\u0105 galima gauti papra\u0161ius. Konkursas prasid\u0117s lapkri\u010dio 14 d.<\/p>\n<section class=\"relatedContent-new\" contenteditable=\"false\" draggable=\"true\" data-widget=\"related-content\" data-widget-size=\"content\" data-params=\"%7B%22type_id%22%3A0%2C%22title_id%22%3A%22%22%2C%22items%22%3A%5B%7B%22article_edition_id%22%3A%22737687%22%2C%22title%22%3A%22Ferrari%20F80%3A%20This%20Is%20It%22%2C%22alias%22%3A%22ferrari-f80-hypercar-horsepower-top-speed-price-details%22%2C%22section%22%3A%221%22%2C%22is_video%22%3A%220%22%2C%22images%22%3A%7B%22s5%22%3A%22https%3A%2F%2Fcdn.motor1.com%2Fimages%2Fmgl%2F6ZoE2e%2Fs5%2Fferrari-f80.jpg%22%7D%7D%2C%7B%22article_edition_id%22%3A%22737838%22%2C%22title%22%3A%22The%20F80's%20V-6%20Is%20Better%20Than%20a%20V-12%2C%20Says%20Ferrari%22%2C%22alias%22%3A%22ferrari-says-v6-outperforms-v12%22%2C%22section%22%3A%221%22%2C%22is_video%22%3A%220%22%2C%22images%22%3A%7B%22s5%22%3A%22https%3A%2F%2Fcdn.motor1.com%2Fimages%2Fmgl%2FRq2yXr%2Fs5%2Fferrari-f80.jpg%22%7D%7D%5D%7D\">   <\/section>\n<section class=\"widget-newsletter\" contenteditable=\"false\" draggable=\"true\" data-widget=\"widget-newsletter\">  <\/section>\n<\/p><\/div>\n<p><br \/>\n<br \/><a href=\"https:\/\/www.motor1.com\/news\/737987\/michael-schumacher-ferrari-f1-sale\/\">Source link <\/a><\/p>\n","protected":false},"excerpt":{"rendered":"<p>Michaelio Schumacherio 2006 m. Ferrari 248 parduodamas aukcione. Schumacheris laim\u0117jo penkias lenktynes \u200b\u200b\u0161iuo automobiliu, va\u017eiuokl\u0117s Nr. 254. 2006-ieji buvo paskutiniai Schumacherio metai su \u201eFerrari\u201c, kol jis pirm\u0105 kart\u0105 i\u0161\u0117jo \u012f pensij\u0105. Galimyb\u0117 \u012fsigyti Formul\u0117s 1 automobil\u012f pasitaiko ne taip da\u017enai. Dabar j\u016bs turite galimyb\u0119 savo gara\u017ee pateikti labai ypating\u0105 pavyzd\u012f. \u201eRM Sotheby&#8217;s\u201c parduoda vien\u0105 s\u0117kmingiausi\u0173 [&hellip;]<\/p>\n","protected":false},"author":1,"featured_media":462,"comment_status":"open","ping_status":"open","sticky":false,"template":"","format":"standard","meta":{"om_disable_all_campaigns":false,"_monsterinsights_skip_tracking":false,"_monsterinsights_sitenote_active":false,"_monsterinsights_sitenote_note":"","_monsterinsights_sitenote_category":0,"footnotes":""},"categories":[2],"tags":[],"class_list":["post-461","post","type-post","status-publish","format-standard","has-post-thumbnail","hentry","category-ekologiski-automobiliai"],"aioseo_notices":[],"_links":{"self":[{"href":"https:\/\/ekotransportas.lt\/index.php\/wp-json\/wp\/v2\/posts\/461","targetHints":{"allow":["GET"]}}],"collection":[{"href":"https:\/\/ekotransportas.lt\/index.php\/wp-json\/wp\/v2\/posts"}],"about":[{"href":"https:\/\/ekotransportas.lt\/index.php\/wp-json\/wp\/v2\/types\/post"}],"author":[{"embeddable":true,"href":"https:\/\/ekotransportas.lt\/index.php\/wp-json\/wp\/v2\/users\/1"}],"replies":[{"embeddable":true,"href":"https:\/\/ekotransportas.lt\/index.php\/wp-json\/wp\/v2\/comments?post=461"}],"version-history":[{"count":0,"href":"https:\/\/ekotransportas.lt\/index.php\/wp-json\/wp\/v2\/posts\/461\/revisions"}],"wp:featuredmedia":[{"embeddable":true,"href":"https:\/\/ekotransportas.lt\/index.php\/wp-json\/wp\/v2\/media\/462"}],"wp:attachment":[{"href":"https:\/\/ekotransportas.lt\/index.php\/wp-json\/wp\/v2\/media?parent=461"}],"wp:term":[{"taxonomy":"category","embeddable":true,"href":"https:\/\/ekotransportas.lt\/index.php\/wp-json\/wp\/v2\/categories?post=461"},{"taxonomy":"post_tag","embeddable":true,"href":"https:\/\/ekotransportas.lt\/index.php\/wp-json\/wp\/v2\/tags?post=461"}],"curies":[{"name":"wp","href":"https:\/\/api.w.org\/{rel}","templated":true}]}}