{"id":473,"date":"2024-10-23T10:53:28","date_gmt":"2024-10-23T10:53:28","guid":{"rendered":"https:\/\/ekotransportas.lt\/index.php\/2024\/10\/23\/morgan-plus-six-pristato-specialuji-leidima-uz-97-tukst\/"},"modified":"2024-10-23T10:53:28","modified_gmt":"2024-10-23T10:53:28","slug":"morgan-plus-six-pristato-specialuji-leidima-uz-97-tukst","status":"publish","type":"post","link":"https:\/\/ekotransportas.lt\/index.php\/2024\/10\/23\/morgan-plus-six-pristato-specialuji-leidima-uz-97-tukst\/","title":{"rendered":"\u201eMorgan Plus Six\u201c pristato special\u0173j\u012f leidim\u0105 u\u017e 97 t\u016bkst"},"content":{"rendered":"<p> <br \/>\n<\/p>\n<div>\n<p>\u201eMorgan\u201c kit\u0173 met\u0173 prad\u017eioje nutrauks savo \u201ePlus Six\u201c \u2013 didesn\u0117s galios, \u0161e\u0161i\u0173 cilindr\u0173 dviej\u0173 pakop\u0173 \u201ePlus\u201c asortimento versijos \u2013 gamyb\u0105 ir pakeis j\u0105 nauju flagmanu, kuris pristato nauj\u0105 brit\u0173 prek\u0117s \u017eenklo dizaino kalb\u0105.<\/p>\n<p>\u201ePlus Six\u201c pasitraukimas bus pa\u017eym\u0117tas \u201ePlus Six Pinnacle\u201c, kuriame bus tik 30 pavyzd\u017ei\u0173 ir bus pritaikytos dizaino u\u017euominos i\u0161 \u012fsp\u016bdingo \u201ePininfarina\u201c stiliaus vidurvasario, kuris buvo pristatytas \u0161i\u0173 met\u0173 prad\u017eioje.<\/p>\n<p>\u201eMorgan\u201c taip pat naudos 96 995 svar\u0173 sterling\u0173 kainuojant\u012f 3,0 litr\u0173 tiesiogin\u012f \u0161e\u0161i\u0173 gali\u0173 varikl\u012f \u201ePinnacle\u201c, kad pademonstruot\u0173 besiple\u010dian\u010di\u0105 pagal u\u017esakym\u0105 sukurt\u0105 program\u0105, kuri pasi\u016blys tai, k\u0105 Morgan vadina \u201ebeveik neribotomis\u201c galimyb\u0117mis.<\/p>\n<p>\u201ePlus Six\u201c pakaitalas, kaip \u201eAutocar\u201c atskleid\u0117, bus kit\u0173 met\u0173 pabaigoje kaip dvivietis sportinis automobilis, kuriame nebus naudojamas tradicinis \u201esparn\u0173 siluetas\u201c, b\u016bdingas \u0161iandieniniams keturra\u010diams Morganams.<\/p>\n<p>Perkamiausias keturi\u0173 cilindr\u0173 \u201ePlus Four\u201c, kuris pastaruoju metu apytiksliai dviem prie\u0161 vien\u0105 pralenk\u0117 \u201ePlus Six\u201c, bus paliktas t\u0119sti tradicin\u012f prek\u0117s \u017eenklo vinta\u017ein\u012f stili\u0173, kuris prasid\u0117jo nuo 4\/4 1936 m.<\/p>\n<p>Bendrov\u0117 jau anks\u010diau prane\u0161\u0117 apie savo susidom\u0117jim\u0105 gaminti model\u012f, patobulinant\u012f savo senovin\u012f vaizd\u0105 \u012f tai, k\u0105 dizaino vadovas Jonathanas Wellsas vadina \u201ereaktyviniu am\u017eiumi\u201c.<\/p>\n<p><\/p>\n<p>Naujajam flagmanui labiau tik\u0117tina, kad \u201eMorgan\u201c pasinaudos riboto leidimo \u201eMidsummer\u201c pamokomis, kad sukurt\u0173 \u017eymiai i\u0161skirtin\u012f ir prabangesn\u012f model\u012f, ai\u0161kiai besiskiriant\u012f nuo \u201ePlius keturi\u201c, kuris pateisins didesnes kainas ir didesn\u012f susidom\u0117jim\u0105 firmos u\u017esakymu sukurta programa. .<\/p>\n<p>Kai kurie \u201eMorgan\u201c \u017emon\u0117s jau kur\u012f laik\u0105 ragino imtis \u0161io \u017eingsnio, nes konkurentai laikosi pana\u0161i\u0173 po\u017ei\u016bri\u0173, supranta \u201eAutocar\u201c.<\/p>\n<p>Tikimasi, kad naujajame modelyje ir toliau bus naudojama \u201ePlus\u201c modeli\u0173 CX ekstruzinio aliuminio va\u017eiuokl\u0117, taip pat 3,0 l BMW pagamintos \u0161e\u0161i\u0173 eili\u0173 turbokompresoriaus versija, kuri \u0161iuo metu i\u0161vysto 335 AG, ta\u010diau manoma, kad ji gali patikimai ir daug daugiau. i\u0161\u0117jimai.<\/p>\n<\/div>\n<p><br \/>\n<br \/><a href=\"https:\/\/www.autocar.co.uk\/car-news\/new-cars\/morgan-plus-six-bows-out-%C2%A397k-special-edition\">Source link <\/a><\/p>\n","protected":false},"excerpt":{"rendered":"<p>\u201eMorgan\u201c kit\u0173 met\u0173 prad\u017eioje nutrauks savo \u201ePlus Six\u201c \u2013 didesn\u0117s galios, \u0161e\u0161i\u0173 cilindr\u0173 dviej\u0173 pakop\u0173 \u201ePlus\u201c asortimento versijos \u2013 gamyb\u0105 ir pakeis j\u0105 nauju flagmanu, kuris pristato nauj\u0105 brit\u0173 prek\u0117s \u017eenklo dizaino kalb\u0105. \u201ePlus Six\u201c pasitraukimas bus pa\u017eym\u0117tas \u201ePlus Six Pinnacle\u201c, kuriame bus tik 30 pavyzd\u017ei\u0173 ir bus pritaikytos dizaino u\u017euominos i\u0161 \u012fsp\u016bdingo \u201ePininfarina\u201c stiliaus [&hellip;]<\/p>\n","protected":false},"author":1,"featured_media":474,"comment_status":"open","ping_status":"open","sticky":false,"template":"","format":"standard","meta":{"om_disable_all_campaigns":false,"_monsterinsights_skip_tracking":false,"_monsterinsights_sitenote_active":false,"_monsterinsights_sitenote_note":"","_monsterinsights_sitenote_category":0,"footnotes":""},"categories":[40],"tags":[916,914,250,915,110,179],"class_list":["post-473","post","type-post","status-publish","format-standard","has-post-thumbnail","hentry","category-automobiliai","tag-leidima","tag-morgan","tag-pristato","tag-specialuji","tag-tukst","tag-uz"],"aioseo_notices":[],"_links":{"self":[{"href":"https:\/\/ekotransportas.lt\/index.php\/wp-json\/wp\/v2\/posts\/473","targetHints":{"allow":["GET"]}}],"collection":[{"href":"https:\/\/ekotransportas.lt\/index.php\/wp-json\/wp\/v2\/posts"}],"about":[{"href":"https:\/\/ekotransportas.lt\/index.php\/wp-json\/wp\/v2\/types\/post"}],"author":[{"embeddable":true,"href":"https:\/\/ekotransportas.lt\/index.php\/wp-json\/wp\/v2\/users\/1"}],"replies":[{"embeddable":true,"href":"https:\/\/ekotransportas.lt\/index.php\/wp-json\/wp\/v2\/comments?post=473"}],"version-history":[{"count":0,"href":"https:\/\/ekotransportas.lt\/index.php\/wp-json\/wp\/v2\/posts\/473\/revisions"}],"wp:featuredmedia":[{"embeddable":true,"href":"https:\/\/ekotransportas.lt\/index.php\/wp-json\/wp\/v2\/media\/474"}],"wp:attachment":[{"href":"https:\/\/ekotransportas.lt\/index.php\/wp-json\/wp\/v2\/media?parent=473"}],"wp:term":[{"taxonomy":"category","embeddable":true,"href":"https:\/\/ekotransportas.lt\/index.php\/wp-json\/wp\/v2\/categories?post=473"},{"taxonomy":"post_tag","embeddable":true,"href":"https:\/\/ekotransportas.lt\/index.php\/wp-json\/wp\/v2\/tags?post=473"}],"curies":[{"name":"wp","href":"https:\/\/api.w.org\/{rel}","templated":true}]}}