{"id":507,"date":"2024-10-27T11:44:20","date_gmt":"2024-10-27T11:44:20","guid":{"rendered":"https:\/\/ekotransportas.lt\/index.php\/2024\/10\/27\/uz-vogto-automobilio-realizavima-baudziamoji-byla-teisme\/"},"modified":"2024-10-27T11:44:20","modified_gmt":"2024-10-27T11:44:20","slug":"uz-vogto-automobilio-realizavima-baudziamoji-byla-teisme","status":"publish","type":"post","link":"https:\/\/ekotransportas.lt\/index.php\/2024\/10\/27\/uz-vogto-automobilio-realizavima-baudziamoji-byla-teisme\/","title":{"rendered":"U\u017e vogto automobilio realizavim\u0105 \u2013 baud\u017eiamoji byla teisme"},"content":{"rendered":"<p> <br \/>\n<\/p>\n<p><\/p>\n<p>\u0160iauli\u0173 apygardos prokurat\u016bros prokuroras teismui su kaltinamuoju aktu perdav\u0117 baud\u017eiam\u0105j\u0105 byl\u0105, kurioje 2 \u0161iaulie\u010diai, \u012ftariama, susij\u0119 su galimai nusikalstamu b\u016bdu gauto automobilio \u012fgijimu ir realizavimu.<\/p>\n<p>Vienas \u012ftariam\u0173j\u0173 I. K. taip pat kaltinamas neteis\u0117tu vertimusi \u016bkine, komercine, finansine ar profesine veikla bei apgaulingu finansin\u0117s apskaitos tvarkymu.<\/p>\n<p>Tyrim\u0105 organizavo ir j\u012f kontroliavo \u0160iauli\u0173 apygardos prokurat\u016bros Baud\u017eiamojo persekiojimo skyriaus prokuroras. Tyrim\u0105 atliko \u0160iauli\u0173 apskrities vyriausiojo policijos komisariato Kriminalin\u0117s policijos pareig\u016bnai.<\/p>\n<p>Ikiteisminio tyrimo duomenimis, pra\u0117jusi\u0173 met\u0173 bir\u017eel\u012f kaltinamasis M. S. \u012fgijo daugiau nei 58 t\u016bkst. eur\u0173 vert\u0117s automobil\u012f BMW, kuris, kaip nustatyta tyrimo metu, buvo ie\u0161komas \u0160vedijos Karalyst\u0117s teis\u0117saugos institucij\u0173 kaip vogtas.<\/p>\n<p>\u012etariama, kad \u0161i ma\u0161ina buvo pristatyta bendrininkui I. K. \u012f namus \u0160iauliuose, siekiant i\u0161ardyti j\u0105 ir parduoti dalimis. Policijos pareig\u016bnams atvykus pas kaltinam\u0105j\u012f, gara\u017ee rasta tik dalis min\u0117to automobilio detali\u0173. Krat\u0173 metu \u012fvykio vietoje rasta dar 16-kos \u012fvairi\u0173 marki\u0173 automobili\u0173 dali\u0173. Did\u017eioji dalis \u0161i\u0173 automobili\u0173 buvo ie\u0161komi kaip vogti Latvijos ir \u0160vedijos valstyb\u0117se.<\/p>\n<p>Tyrimo metu taip pat nustatyta, kad I. K. neteis\u0117tai ard\u0117 automobilius ir juos pardavin\u0117jo \u2013 \u0161iaulietis netur\u0117jo privalomos tokiai veiklai Valstybin\u0117s mokes\u010di\u0173 inspekcijos i\u0161duodamos pa\u017eymos. Vyras, vykdydamas individuali\u0105 veikl\u0105, netvark\u0117 teis\u0117s akt\u0173 reikalaujamos finansin\u0117s apskaitos ir d\u0117l \u0161i\u0173 pa\u017eeidim\u0173 negalima i\u0161 dalies nustatyti I. K. veiklos u\u017e 2023 metus.<\/p>\n<p>Baud\u017eiamasis kodeksas u\u017e \u0161ias nusikalstamas veikas numato \u012fvairias bausmes, i\u0161 kuri\u0173 maksimali \u2013 laisv\u0117s at\u0117mimas iki 6 met\u0173.<\/p>\n<p>Baud\u017eiamoji byla perduota nagrin\u0117ti \u0160iauli\u0173 apylink\u0117s teismo \u0160iauli\u0173 r\u016bmams.<\/p>\n<p>Vadovaujantis nekaltumo prezumpcija, asmenys yra nekalti, kol j\u0173 kaltumas n\u0117ra \u012frodytas \u012fstatymo nustatyta tvarka ir pripa\u017eintas \u012fsiteis\u0117jusiu teismo nuosprend\u017eiu.<\/p>\n<p>\u0160ia publikacija dalinasi Lietuvos region\u0173 naujien\u0173 portalas \u201eMiesto naujienos\u201c. Daugiau sau ir savo miestui aktuali\u0173 naujien\u0173 rasite portale Miesto naujienos.<\/p>\n<p><br \/>\n<br \/><a href=\"https:\/\/miestonaujienos.lt\/uz-vogto-automobilio-realizavima-baudziamoji-byla-teisme\/\">Source link <\/a><\/p>\n","protected":false},"excerpt":{"rendered":"<p>\u0160iauli\u0173 apygardos prokurat\u016bros prokuroras teismui su kaltinamuoju aktu perdav\u0117 baud\u017eiam\u0105j\u0105 byl\u0105, kurioje 2 \u0161iaulie\u010diai, \u012ftariama, susij\u0119 su galimai nusikalstamu b\u016bdu gauto automobilio \u012fgijimu ir realizavimu. Vienas \u012ftariam\u0173j\u0173 I. K. taip pat kaltinamas neteis\u0117tu vertimusi \u016bkine, komercine, finansine ar profesine veikla bei apgaulingu finansin\u0117s apskaitos tvarkymu. Tyrim\u0105 organizavo ir j\u012f kontroliavo \u0160iauli\u0173 apygardos prokurat\u016bros Baud\u017eiamojo persekiojimo [&hellip;]<\/p>\n","protected":false},"author":1,"featured_media":508,"comment_status":"","ping_status":"","sticky":false,"template":"","format":"standard","meta":{"om_disable_all_campaigns":false,"_monsterinsights_skip_tracking":false,"_monsterinsights_sitenote_active":false,"_monsterinsights_sitenote_note":"","_monsterinsights_sitenote_category":0,"footnotes":""},"categories":[980],"tags":[270,983,984,982,985,179,981],"class_list":["post-507","post","type-post","status-publish","format-standard","has-post-thumbnail","hentry","category-salies-naujienos","tag-automobilio","tag-baudziamoji","tag-byla","tag-realizavima","tag-teisme","tag-uz","tag-vogto"],"aioseo_notices":[],"_links":{"self":[{"href":"https:\/\/ekotransportas.lt\/index.php\/wp-json\/wp\/v2\/posts\/507","targetHints":{"allow":["GET"]}}],"collection":[{"href":"https:\/\/ekotransportas.lt\/index.php\/wp-json\/wp\/v2\/posts"}],"about":[{"href":"https:\/\/ekotransportas.lt\/index.php\/wp-json\/wp\/v2\/types\/post"}],"author":[{"embeddable":true,"href":"https:\/\/ekotransportas.lt\/index.php\/wp-json\/wp\/v2\/users\/1"}],"replies":[{"embeddable":true,"href":"https:\/\/ekotransportas.lt\/index.php\/wp-json\/wp\/v2\/comments?post=507"}],"version-history":[{"count":0,"href":"https:\/\/ekotransportas.lt\/index.php\/wp-json\/wp\/v2\/posts\/507\/revisions"}],"wp:featuredmedia":[{"embeddable":true,"href":"https:\/\/ekotransportas.lt\/index.php\/wp-json\/wp\/v2\/media\/508"}],"wp:attachment":[{"href":"https:\/\/ekotransportas.lt\/index.php\/wp-json\/wp\/v2\/media?parent=507"}],"wp:term":[{"taxonomy":"category","embeddable":true,"href":"https:\/\/ekotransportas.lt\/index.php\/wp-json\/wp\/v2\/categories?post=507"},{"taxonomy":"post_tag","embeddable":true,"href":"https:\/\/ekotransportas.lt\/index.php\/wp-json\/wp\/v2\/tags?post=507"}],"curies":[{"name":"wp","href":"https:\/\/api.w.org\/{rel}","templated":true}]}}