{"id":541,"date":"2024-10-31T11:16:36","date_gmt":"2024-10-31T11:16:36","guid":{"rendered":"https:\/\/ekotransportas.lt\/index.php\/2024\/10\/31\/btcc-atsisako-hibridines-sistemos-pereidama-prie-tvaraus-kuro\/"},"modified":"2024-10-31T11:16:36","modified_gmt":"2024-10-31T11:16:36","slug":"btcc-atsisako-hibridines-sistemos-pereidama-prie-tvaraus-kuro","status":"publish","type":"post","link":"https:\/\/ekotransportas.lt\/index.php\/2024\/10\/31\/btcc-atsisako-hibridines-sistemos-pereidama-prie-tvaraus-kuro\/","title":{"rendered":"BTCC atsisako hibridin\u0117s sistemos, pereidama prie tvaraus kuro"},"content":{"rendered":"<p> <br \/>\n<\/p>\n<div>\n<p>Did\u017eiosios Britanijos turistini\u0173 automobili\u0173 \u010dempionatas (BTCC) atsisakys hibrid\u0173, pra\u0117jus trejiems metams nuo j\u0173 pristatymo, nes pereis prie tvari\u0173 degal\u0173 naudojimo.<\/p>\n<p>\u201eCosworth\u201c tiekiama hibridin\u0117 sistema, pristatyta 2022 m., bus nutraukta \u0161io sezono pabaigoje.<\/p>\n<p>Bendra automobili\u0173 galia i\u0161liks tokia pati \u2013 ma\u017edaug 350 AG, ta\u010diau d\u0117l sistemos pa\u0161alinimo jie dabar bus 55 kg lengvesni.<\/p>\n<p>Aplenkimo padidinimas, kur\u012f \u012fved\u0117 <span>elektros variklis-generatorius<\/span> (daugiau nei 60 AG trumpam laikui) nuo 2025 m. bus i\u0161 variklio turbokompresoriaus.<\/p>\n<p>Siekdama pagerinti lenktynes, BTCC taip pat nusprend\u0117 pa\u0161alinti prane\u0161im\u0105 apie \u201eturbo boost\u201c diegim\u0105 i\u0161 komand\u0173 tiesioginio laiko matavimo ekran\u0173.<\/p>\n<p>\u201eBuvo manoma, kad tai suteik\u0117 komandoms ir vairuotojams neatid\u0117liotinos informacijos, kaip bandyti atremti jo naudojim\u0105\u201c, \u2013 sakoma BTCC prane\u0161ime.<\/p>\n<p>LED \u017eibintai ant kiekvieno automobilio \u0161onini\u0173 lang\u0173, taip pat tiesiogin\u0117s televizijos transliacijos grafika, ir toliau bus naudojami signalizuojant \u017ei\u016brovams apie paskatinimo i\u0161naudojim\u0105.<\/p>\n<p>BTCC bosas Alanas Gow sak\u0117: \u201e100% tvaraus kuro, kuriame n\u0117ra i\u0161kastinio kuro, \u012fvedimas 2025 m. rodo, kad BTCC i\u0161lieka \u012fsipareigojusi automobili\u0173 sporto naujov\u0117ms.<\/p>\n<p>\u201eKaip auk\u0161\u010diausio lygio \u010dempionatas JK, \u0161is \u012fvadas yra reik\u0161mingas ir esminis \u017eingsnis siekiant i\u0161laikyti konkurencingum\u0105 ir jaudul\u012f, kuris yra BTCC sinonimas, ta\u010diau tvaresniu ir \u012f ateit\u012f \u017ei\u016brin\u010diu b\u016bdu.<\/p>\n<p>Gow prid\u016br\u0117, kad serijai \u201eneb\u0117ra k\u0105 \u012frodyti\u201c su hibridizacija ir kad \u201edabar pa\u017eym\u0117jome \u0161\u012f langel\u012f, galime jud\u0117ti toliau \u012f priek\u012f pristatydami tvar\u0173 kur\u0105 be i\u0161kastinio kuro\u201c.<\/p>\n<\/div>\n<p><br \/>\n<br \/><a href=\"https:\/\/www.autocar.co.uk\/car-news\/motorsport-btcc\/btcc-ditches-hybrid-system-shift-sustainable-fuels\">Source link <\/a><\/p>\n","protected":false},"excerpt":{"rendered":"<p>Did\u017eiosios Britanijos turistini\u0173 automobili\u0173 \u010dempionatas (BTCC) atsisakys hibrid\u0173, pra\u0117jus trejiems metams nuo j\u0173 pristatymo, nes pereis prie tvari\u0173 degal\u0173 naudojimo. \u201eCosworth\u201c tiekiama hibridin\u0117 sistema, pristatyta 2022 m., bus nutraukta \u0161io sezono pabaigoje. Bendra automobili\u0173 galia i\u0161liks tokia pati \u2013 ma\u017edaug 350 AG, ta\u010diau d\u0117l sistemos pa\u0161alinimo jie dabar bus 55 kg lengvesni. Aplenkimo padidinimas, kur\u012f [&hellip;]<\/p>\n","protected":false},"author":1,"featured_media":542,"comment_status":"","ping_status":"","sticky":false,"template":"","format":"standard","meta":{"om_disable_all_campaigns":false,"_monsterinsights_skip_tracking":false,"_monsterinsights_sitenote_active":false,"_monsterinsights_sitenote_note":"","_monsterinsights_sitenote_category":0,"footnotes":""},"categories":[40],"tags":[1050,1049,1051,1054,1052,767,647,1053],"class_list":["post-541","post","type-post","status-publish","format-standard","has-post-thumbnail","hentry","category-automobiliai","tag-atsisako","tag-btcc","tag-hibridines","tag-kuro","tag-pereidama","tag-prie","tag-sistemos","tag-tvaraus"],"aioseo_notices":[],"_links":{"self":[{"href":"https:\/\/ekotransportas.lt\/index.php\/wp-json\/wp\/v2\/posts\/541","targetHints":{"allow":["GET"]}}],"collection":[{"href":"https:\/\/ekotransportas.lt\/index.php\/wp-json\/wp\/v2\/posts"}],"about":[{"href":"https:\/\/ekotransportas.lt\/index.php\/wp-json\/wp\/v2\/types\/post"}],"author":[{"embeddable":true,"href":"https:\/\/ekotransportas.lt\/index.php\/wp-json\/wp\/v2\/users\/1"}],"replies":[{"embeddable":true,"href":"https:\/\/ekotransportas.lt\/index.php\/wp-json\/wp\/v2\/comments?post=541"}],"version-history":[{"count":0,"href":"https:\/\/ekotransportas.lt\/index.php\/wp-json\/wp\/v2\/posts\/541\/revisions"}],"wp:featuredmedia":[{"embeddable":true,"href":"https:\/\/ekotransportas.lt\/index.php\/wp-json\/wp\/v2\/media\/542"}],"wp:attachment":[{"href":"https:\/\/ekotransportas.lt\/index.php\/wp-json\/wp\/v2\/media?parent=541"}],"wp:term":[{"taxonomy":"category","embeddable":true,"href":"https:\/\/ekotransportas.lt\/index.php\/wp-json\/wp\/v2\/categories?post=541"},{"taxonomy":"post_tag","embeddable":true,"href":"https:\/\/ekotransportas.lt\/index.php\/wp-json\/wp\/v2\/tags?post=541"}],"curies":[{"name":"wp","href":"https:\/\/api.w.org\/{rel}","templated":true}]}}