{"id":571,"date":"2024-11-04T17:25:21","date_gmt":"2024-11-04T17:25:21","guid":{"rendered":"https:\/\/ekotransportas.lt\/index.php\/2024\/11\/04\/antroji-ev-faze-prasideda-apie-2027-m-trecioji-apie-2035-m\/"},"modified":"2024-11-04T17:25:21","modified_gmt":"2024-11-04T17:25:21","slug":"antroji-ev-faze-prasideda-apie-2027-m-trecioji-apie-2035-m","status":"publish","type":"post","link":"https:\/\/ekotransportas.lt\/index.php\/2024\/11\/04\/antroji-ev-faze-prasideda-apie-2027-m-trecioji-apie-2035-m\/","title":{"rendered":"Antroji EV faz\u0117 prasideda apie 2027 m., tre\u010dioji \u2013 apie 2035 m"},"content":{"rendered":"<p> <br \/>\n<\/p>\n<div id=\"\">\n<p>Automobili\u0173 gamintojui ruo\u0161iantis i\u0161leisti pirmuosius visi\u0161kai elektrinius modelius, \u201eBentley\u201c generalinis direktorius Frankas-Steffenas Walliseris mano, kad elektrin\u0117s transporto priemon\u0117s greitai pasikeis.<\/p>\n<p>Automobili\u0173 pramon\u0117 art\u0117ja prie pirmojo elektromobili\u0173 k\u016brimo etapo pabaigos, neseniai duodamas interviu \u201eAutocar\u201c sak\u0117 Walliseris. Antrasis etapas, kur\u012f Walliser tikisi prasid\u0117ti apie 2027 m., formuojasi kaip technologinis laikymo modelis, nes automobili\u0173 gamintojai tikisi augti <strong>EV pri\u0117mimas<\/strong> belaukiant naujos baterijos technologijos.<\/p>\n<p><span id=\"static-marker-video-player-primis\"\/><\/p>\n<div class=\"image_wrapper first_wrapper\"><\/p>\n<p>\u201eBentley Continental GT Speed\u201c gravitacin\u0117s pilkos spalvos<\/p>\n<\/div>\n<p>\u201eAntroje faz\u0117je gausite didesnes baterijas, ilgesn\u012f veikimo diapazon\u0105 ir didesn\u012f naudojim\u0105\u201c, &#8211; sak\u0117 Walliseris. \u201eKai kurie sakys, kad j\u0173 baterijos yra per didel\u0117s, ta\u010diau j\u0173 ilgas atstumas pad\u0117s klientams pereiti prie kito ir \u012fveikti nerim\u0105 d\u0117l diapazono.<\/p>\n<p>Tre\u010diasis etapas, kur\u012f Walliser prognozuoja, prasid\u0117s ma\u017edaug 2035 m., bus toliau pl\u0117tojama baterij\u0173 chemija ir <strong>\u012fkrovimo infrastrukt\u016bros brandinimas<\/strong>leid\u017eiantis naudoti ma\u017eesnius akumuliatori\u0173 blokus ir suma\u017einti transporto priemon\u0117s svor\u012f. Galb\u016bt tada s\u0105lygos pagaliau bus tinkamos, kad \u201eBentley\u201c pagaliau \u012fsipareigot\u0173 ilgalaikiam EV.<\/p>\n<div class=\"image_wrapper\"><img loading=\"lazy\" decoding=\"async\" name=\"tccimg_100943448_m\" title=\"\u201eBentley Continental GT Speed\u201c gravitacin\u0117s pilkos spalvos\" alt=\"\u201eBentley Continental GT Speed\u201c gravitacin\u0117s pilkos spalvos\" width=\"640\" height=\"426\" data-width=\"1024\" data-height=\"682\" data-url=\"https:\/\/images.hgmsites.net\/lrg\/bentley-continental-gt-speed-in-gravity-grey_100943448_l.jpg\" src-h=\"https:\/\/images.hgmsites.net\/hug\/bentley-continental-gt-speed-in-gravity-grey_100943448_h.jpg\" src=\"https:\/\/images.hgmsites.net\/lrg\/bentley-continental-gt-speed-in-gravity-grey_100943448_l.jpg\" src-l=\"https:\/\/images.hgmsites.net\/lrg\/bentley-continental-gt-speed-in-gravity-grey_100943448_l.jpg\" src-m=\"https:\/\/images.hgmsites.net\/med\/bentley-continental-gt-speed-in-gravity-grey_100943448_m.jpg\" src-s=\"https:\/\/images.hgmsites.net\/sml\/bentley-continental-gt-speed-in-gravity-grey_100943448_s.jpg\" class=\"lazy\"\/><\/p>\n<p>\u201eBentley Continental GT Speed\u201c gravitacin\u0117s pilkos spalvos<\/p>\n<\/div>\n<p>2020 m. \u201eBentley\u201c i\u0161d\u0117st\u0117 planus iki 2026 m. padaryti vis\u0105 savo \u012fkraunam\u0173 hibrid\u0173 asortiment\u0105, o iki 2030 m. \u2013 visi\u0161kai elektrinius. O 2022 m. automobili\u0173 gamintojas teig\u0117, kad pirmasis elektromobilis pasirodys 2025 m. Pakeitus planus, pirmiausia elektrinis modelis dabar tur\u0117t\u0173 pasirodyti 2026 m., o rinka pasirodys 2027 m.<\/p>\n<p>V\u0117lavimai atitinka <strong>me\u0161kos vaizdas \u012f prabangius elektromobilius<\/strong> i\u0161 vadovyb\u0117s. Kitame \u0161i\u0173 met\u0173 interviu Walliseris teig\u0117, kad prabangi\u0173 automobili\u0173 rinka atsisako EV.<\/p>\n<p>Tai b\u016bt\u0173 ne pirmas kartas, kai \u201eBentley\u201c su\u0161\u0105la. Automobili\u0173 gamintojas pirm\u0105 kart\u0105 prad\u0117jo diskutuoti apie elektromobilius 2016 m., parodydamas kelet\u0105 koncepcij\u0173, o 2019 m. atsitrauk\u0117, kai pasikeit\u0117 vadovyb\u0117.<\/p>\n<\/p><\/div>\n<p><br \/>\n<br \/><a href=\"https:\/\/www.greencarreports.com\/news\/1144915_bentley-boss-second-ev-phase-begins-around-2027-third-around-2035\">Source link <\/a><\/p>\n","protected":false},"excerpt":{"rendered":"<p>Automobili\u0173 gamintojui ruo\u0161iantis i\u0161leisti pirmuosius visi\u0161kai elektrinius modelius, \u201eBentley\u201c generalinis direktorius Frankas-Steffenas Walliseris mano, kad elektrin\u0117s transporto priemon\u0117s greitai pasikeis. Automobili\u0173 pramon\u0117 art\u0117ja prie pirmojo elektromobili\u0173 k\u016brimo etapo pabaigos, neseniai duodamas interviu \u201eAutocar\u201c sak\u0117 Walliseris. Antrasis etapas, kur\u012f Walliser tikisi prasid\u0117ti apie 2027 m., formuojasi kaip technologinis laikymo modelis, nes automobili\u0173 gamintojai tikisi augti EV [&hellip;]<\/p>\n","protected":false},"author":1,"featured_media":572,"comment_status":"","ping_status":"","sticky":false,"template":"","format":"standard","meta":{"om_disable_all_campaigns":false,"_monsterinsights_skip_tracking":false,"_monsterinsights_sitenote_active":false,"_monsterinsights_sitenote_note":"","_monsterinsights_sitenote_category":0,"footnotes":""},"categories":[2],"tags":[1104,123,1105,1106,1107],"class_list":["post-571","post","type-post","status-publish","format-standard","has-post-thumbnail","hentry","category-ekologiski-automobiliai","tag-antroji","tag-apie","tag-faze","tag-prasideda","tag-trecioji"],"aioseo_notices":[],"_links":{"self":[{"href":"https:\/\/ekotransportas.lt\/index.php\/wp-json\/wp\/v2\/posts\/571","targetHints":{"allow":["GET"]}}],"collection":[{"href":"https:\/\/ekotransportas.lt\/index.php\/wp-json\/wp\/v2\/posts"}],"about":[{"href":"https:\/\/ekotransportas.lt\/index.php\/wp-json\/wp\/v2\/types\/post"}],"author":[{"embeddable":true,"href":"https:\/\/ekotransportas.lt\/index.php\/wp-json\/wp\/v2\/users\/1"}],"replies":[{"embeddable":true,"href":"https:\/\/ekotransportas.lt\/index.php\/wp-json\/wp\/v2\/comments?post=571"}],"version-history":[{"count":0,"href":"https:\/\/ekotransportas.lt\/index.php\/wp-json\/wp\/v2\/posts\/571\/revisions"}],"wp:featuredmedia":[{"embeddable":true,"href":"https:\/\/ekotransportas.lt\/index.php\/wp-json\/wp\/v2\/media\/572"}],"wp:attachment":[{"href":"https:\/\/ekotransportas.lt\/index.php\/wp-json\/wp\/v2\/media?parent=571"}],"wp:term":[{"taxonomy":"category","embeddable":true,"href":"https:\/\/ekotransportas.lt\/index.php\/wp-json\/wp\/v2\/categories?post=571"},{"taxonomy":"post_tag","embeddable":true,"href":"https:\/\/ekotransportas.lt\/index.php\/wp-json\/wp\/v2\/tags?post=571"}],"curies":[{"name":"wp","href":"https:\/\/api.w.org\/{rel}","templated":true}]}}