{"id":577,"date":"2024-11-05T17:27:19","date_gmt":"2024-11-05T17:27:19","guid":{"rendered":"https:\/\/ekotransportas.lt\/index.php\/2024\/11\/05\/nepaisant-rinkimu-politika-gali-maziau-paveikti-susidomejima-elektromobiliais\/"},"modified":"2024-11-05T17:27:19","modified_gmt":"2024-11-05T17:27:19","slug":"nepaisant-rinkimu-politika-gali-maziau-paveikti-susidomejima-elektromobiliais","status":"publish","type":"post","link":"https:\/\/ekotransportas.lt\/index.php\/2024\/11\/05\/nepaisant-rinkimu-politika-gali-maziau-paveikti-susidomejima-elektromobiliais\/","title":{"rendered":"Nepaisant rinkim\u0173, politika gali ma\u017eiau paveikti susidom\u0117jim\u0105 elektromobiliais"},"content":{"rendered":"<p> <br \/>\n<\/p>\n<div id=\"\">\n<p>Kai 2024 m. JAV prezidento rinkimai baigiasi, politika gali vaidinti ma\u017eesn\u012f vaidmen\u012f dom\u0117jimuisi elektromobiliais, rodo tyrim\u0173 \u012fmon\u0117s \u201eAutoPacific\u201c duomenys.<\/p>\n<p>\u201eAutoPacific\u201c 2024 m. bir\u017eelio m\u0117n. atliktame EV Consumer Insights tyrime, kai rinkim\u0173 retorika jau buvo apkaltinta, buvo apklausta 12 000 amerikie\u010di\u0173, \u012fskaitant elektrini\u0173 transporto priemoni\u0173 ir \u012fkraunam\u0173 hibrid\u0173 savininkus, ne savininkus, besidomin\u010dius elektromobiliais, ir tuos, kurie visi\u0161kai atsisako EV.<\/p>\n<p><span id=\"static-marker-video-player-primis\"\/><\/p>\n<p>Remiantis ankstesniais tyrimais, \u0161i\u0173 transporto priemoni\u0173 savininkai buvo labiau link\u0119 \u012f kair\u0119 \u2013 54 % dabartini\u0173 elektromobili\u0173 savinink\u0173 ir 60 % dabartini\u0173 \u012fkraunam\u0173 hibrid\u0173 savinink\u0173 laikosi demokratais, palyginti su 30 % elektromobili\u0173 savinink\u0173 ir 26 % elektros tinklo savinink\u0173. &#8211; hibridini\u0173 savinink\u0173, kurie identifikuojasi kaip respublikonai. Atotr\u016bkis tarp \u201epriimtoj\u0173\u201c, kurie ketina \u012fsigyti arba ateityje svarstys EV, ma\u017e\u0117ja \u2013 46 % demokrat\u0173, 28 % respublikon\u0173 ir 24 % nepriklausom\u0173 ar tre\u010di\u0173j\u0173 \u0161ali\u0173.<\/p>\n<div class=\"image_wrapper first_wrapper\"><\/p>\n<p>Prie\u017eastys, kod\u0117l nenorite EV (i\u0161 \u201eAutoPacific 2024 EV Consumer Insights\u201c tyrimo)<\/p>\n<\/div>\n<p>Ta\u010diau apskritai amerikie\u010diai <strong>neatmeta elektromobili\u0173 politiniais tikslais<\/strong> prie\u017eas\u010di\u0173, pasak \u201eAutoPacific\u201c. Tik 8 % respondent\u0173 teig\u0117, kad nesvarstyt\u0173 apie EV, nes \u201eelektronin\u0117s transporto priemon\u0117s neatitinka mano politini\u0173 \u012fsitikinim\u0173\u201c \u2013 tai suma\u017e\u0117jo nuo 10 % pra\u0117jusiais metais. I\u0161 \u0161ios grup\u0117s 62% nurod\u0117 respublikonus, o 13% &#8211; demokratus.<\/p>\n<p><strong>Politiniai \u012fsitikinimai buvo paskutin\u0117je vietoje<\/strong> tarp 27 variant\u0173 nesvarstyti EV. Did\u017eiausias susir\u016bpinimas buvo \u012fsitikinimas, kad \u012fkrovimo laikas buvo per ilgas (52 %), kad respondentai neturi kur pasikrauti namuose ar darbe (51 %) ir nerimas, kad elektromobilius per brangu pirkti ir (arba) eksploatuoti (49). %).<\/p>\n<p>Tokie rezultatai tur\u0117t\u0173 palengvinti automobili\u0173 pramon\u0117s vadovus. Siekis paversti elektromobilius politiniais nustebino \u201eGeneral Motors\u201c generalin\u0119 direktor\u0119 Mary Barra ir nuli\u016bdino \u201eRivian\u201c generalin\u012f direktori\u0173 RJ Scaringe, anks\u010diau \u0161iais metais sak\u0117 abu vadovai.<\/p>\n<div class=\"image_wrapper\"><img loading=\"lazy\" decoding=\"async\" name=\"tccimg_100940207_m\" title=\"2025 Cadillac Lyriq\" alt=\"2025 Cadillac Lyriq\" width=\"640\" height=\"360\" data-width=\"1024\" data-height=\"576\" data-url=\"https:\/\/images.hgmsites.net\/lrg\/2025-cadillac-lyriq_100940207_l.webp\" src-h=\"https:\/\/images.hgmsites.net\/hug\/2025-cadillac-lyriq_100940207_h.webp\" src=\"https:\/\/images.hgmsites.net\/lrg\/2025-cadillac-lyriq_100940207_l.webp\" src-l=\"https:\/\/images.hgmsites.net\/lrg\/2025-cadillac-lyriq_100940207_l.webp\" src-m=\"https:\/\/images.hgmsites.net\/med\/2025-cadillac-lyriq_100940207_m.webp\" src-s=\"https:\/\/images.hgmsites.net\/sml\/2025-cadillac-lyriq_100940207_s.webp\" class=\"lazy\"\/><\/p>\n<p>2025 Cadillac Lyriq<\/p>\n<\/div>\n<p data-pm-slice=\"1 1 ()\">Kita vertus, respublikonai galb\u016bt nor\u0117t\u0173 pagalvoti, kad anti-EV retorika juos nukreipia \u012f pralaim\u0117jusi\u0105 \u0161io klausimo pus\u0119. <strong>Donaldas Trumpas<\/strong> pasi\u016bl\u0117, kad jis planuoja panaikinti elektromobili\u0173 politik\u0105, tuo pa\u010diu remdamasis tarifais, kad padidint\u0173 Amerikoje pagamint\u0173 preki\u0173, \u012fskaitant transporto priemones, dal\u012f.<\/p>\n<p data-pm-slice=\"1 1 ()\">Vis d\u0117lto 2022 m. apklausa, kuri\u0105 atliko pirmaujanti EV propagavimo grup\u0117, parod\u0117, kad tokia takoskyra tarp respublikon\u0173 ir demokrat\u0173 yra atitr\u016bkusi nuo realyb\u0117s, o dvipartijos remia elektra tausojan\u010di\u0105 politik\u0105.<\/p>\n<p data-pm-slice=\"1 1 ()\">Daugel\u012f respublikon\u0173 glumina, kada banga atsisuko prie\u0161 elektromobilius kaip energetin\u0119 nepriklausomyb\u0119 ir kod\u0117l politikai \u0161iuo atveju yra atskirti nuo savo rinkim\u0173 apygard\u0173, net kai auk\u0161\u010diausi respublikonai dabar glaud\u017eiai susiliejo su <strong>\u201eTesla\u201c generalinis direktorius Elonas Muskas<\/strong>. <\/p>\n<\/p><\/div>\n<p><br \/>\n<br \/><a href=\"https:\/\/www.greencarreports.com\/news\/1144931_politics-may-be-weighing-less-on-ev-interest-despite-election\">Source link <\/a><\/p>\n","protected":false},"excerpt":{"rendered":"<p>Kai 2024 m. JAV prezidento rinkimai baigiasi, politika gali vaidinti ma\u017eesn\u012f vaidmen\u012f dom\u0117jimuisi elektromobiliais, rodo tyrim\u0173 \u012fmon\u0117s \u201eAutoPacific\u201c duomenys. \u201eAutoPacific\u201c 2024 m. bir\u017eelio m\u0117n. atliktame EV Consumer Insights tyrime, kai rinkim\u0173 retorika jau buvo apkaltinta, buvo apklausta 12 000 amerikie\u010di\u0173, \u012fskaitant elektrini\u0173 transporto priemoni\u0173 ir \u012fkraunam\u0173 hibrid\u0173 savininkus, ne savininkus, besidomin\u010dius elektromobiliais, ir tuos, kurie [&hellip;]<\/p>\n","protected":false},"author":1,"featured_media":578,"comment_status":"","ping_status":"","sticky":false,"template":"","format":"standard","meta":{"om_disable_all_campaigns":false,"_monsterinsights_skip_tracking":false,"_monsterinsights_sitenote_active":false,"_monsterinsights_sitenote_note":"","_monsterinsights_sitenote_category":0,"footnotes":""},"categories":[2],"tags":[302,138,109,263,1120,1119,1118,1121],"class_list":["post-577","post","type-post","status-publish","format-standard","has-post-thumbnail","hentry","category-ekologiski-automobiliai","tag-elektromobiliais","tag-gali","tag-maziau","tag-nepaisant","tag-paveikti","tag-politika","tag-rinkimu","tag-susidomejima"],"aioseo_notices":[],"_links":{"self":[{"href":"https:\/\/ekotransportas.lt\/index.php\/wp-json\/wp\/v2\/posts\/577","targetHints":{"allow":["GET"]}}],"collection":[{"href":"https:\/\/ekotransportas.lt\/index.php\/wp-json\/wp\/v2\/posts"}],"about":[{"href":"https:\/\/ekotransportas.lt\/index.php\/wp-json\/wp\/v2\/types\/post"}],"author":[{"embeddable":true,"href":"https:\/\/ekotransportas.lt\/index.php\/wp-json\/wp\/v2\/users\/1"}],"replies":[{"embeddable":true,"href":"https:\/\/ekotransportas.lt\/index.php\/wp-json\/wp\/v2\/comments?post=577"}],"version-history":[{"count":0,"href":"https:\/\/ekotransportas.lt\/index.php\/wp-json\/wp\/v2\/posts\/577\/revisions"}],"wp:featuredmedia":[{"embeddable":true,"href":"https:\/\/ekotransportas.lt\/index.php\/wp-json\/wp\/v2\/media\/578"}],"wp:attachment":[{"href":"https:\/\/ekotransportas.lt\/index.php\/wp-json\/wp\/v2\/media?parent=577"}],"wp:term":[{"taxonomy":"category","embeddable":true,"href":"https:\/\/ekotransportas.lt\/index.php\/wp-json\/wp\/v2\/categories?post=577"},{"taxonomy":"post_tag","embeddable":true,"href":"https:\/\/ekotransportas.lt\/index.php\/wp-json\/wp\/v2\/tags?post=577"}],"curies":[{"name":"wp","href":"https:\/\/api.w.org\/{rel}","templated":true}]}}