{"id":652,"date":"2024-11-15T19:09:45","date_gmt":"2024-11-15T19:09:45","guid":{"rendered":"https:\/\/ekotransportas.lt\/index.php\/2024\/11\/15\/skirta-jam-jeep-dizaineris-atskleidzia-nauja-velykini-kiausini-turinti-nuosirdzia-prasme\/"},"modified":"2024-11-15T19:09:45","modified_gmt":"2024-11-15T19:09:45","slug":"skirta-jam-jeep-dizaineris-atskleidzia-nauja-velykini-kiausini-turinti-nuosirdzia-prasme","status":"publish","type":"post","link":"https:\/\/ekotransportas.lt\/index.php\/2024\/11\/15\/skirta-jam-jeep-dizaineris-atskleidzia-nauja-velykini-kiausini-turinti-nuosirdzia-prasme\/","title":{"rendered":"\u201eSkirta jam\u201c: \u201eJeep\u201c dizaineris atskleid\u017eia nauj\u0105 velykin\u012f kiau\u0161in\u012f, turint\u012f nuo\u0161ird\u017ei\u0105 prasm\u0119"},"content":{"rendered":"<p> <br \/>\n<\/p>\n<div class=\"wp-block-drive-blocks-standfirst\">\n<p class=\"text-xl leading-8 font-light not-italic font-poppins\">\u201eJeep\u201c gars\u0117ja tuo, kad ant savo transporto priemoni\u0173 slepia \u017eaismingus motyvus, ta\u010diau velykinis kiau\u0161inis ant naujojo elektrinio \u201eAvenger\u201c turi ypa\u010d jaudinan\u010di\u0105 atsiradimo istorij\u0105.  <\/p>\n<\/div>\n<div class=\"wp-block-drive-blocks-gallery\">\n<figure class=\"wp-container-14 wp-block-gallery-13 wp-block-gallery has-nested-images columns-default is-cropped\">\n<figure class=\"wp-block-image size-large\"><\/figure>\n<\/figure>\n<\/div>\n<p>\u201eJeep\u201c jau seniai gars\u0117jo kaip labai tvirt\u0173 visureigi\u0173 gamintoja, ta\u010diau amerikie\u010di\u0173 automobili\u0173 gamintojas taip pat \u012frod\u0117, kad turi \u017eaisming\u0105 pus\u0119, daugelyje modeli\u0173 \u012ftraukdamas \u201evelykinius kiau\u0161inius\u201c. <\/p>\n<p>\u201eJeep\u201c velykini\u0173 kiau\u0161ini\u0173 tradicija prasid\u0117jo de\u0161imtojo de\u0161imtme\u010dio pabaigoje, kai tuometinis \u201eJeep\u201c dizaineris Michaelas Santoro \u012f 1997 m. \u201eJeep Wrangler TJ\u201c vid\u0173 \u012ftrauk\u0117 ma\u017eo drie\u017eo kont\u016br\u0105. <\/p>\n<p><strong>SUSIJ\u0118S: Geriausi pasl\u0117pti simboliai ir velykiniai kiau\u0161iniai \u0161iuolaikiniuose automobiliuose<\/strong><br \/><strong>SUSIJ\u0118S: D\u017eip\u0173 savininkai pagaliau suranda savo automobiliuose pasl\u0117ptus \u201evelykinius kiau\u0161inius\u201c.<\/strong><\/p>\n<p>Nuo tada prek\u0117s \u017eenklas \u012f savo automobilius \u012ftrauk\u0117 pasl\u0117ptus simbolius, kurie d\u017eiugina savininkus, kurie da\u017enai pasitaiko nety\u010dia.<\/p>\n<p>Andy Bowmanas, Jeep pasaulin\u0117s komunikacijos vadovas <em>Vairuoti<\/em>: \u201eDa\u017enai net kai kurie dizaineriai smagiai susimai\u0161o su kitais dizaineriais, kad pamatyt\u0173, ar jiems pavyks sugauti velykinius kiau\u0161inius.<\/p>\n<p>\u201e(Jie) gali pereiti vis\u0105 transporto priemon\u0117s paleidim\u0105, b\u016bti salone ir atrodyti taip, kaip \u201enetur\u0117jau supratimo ir a\u0161 suk\u016briau t\u0105 daikt\u0105\u201c. \u0160iuo at\u017evilgiu buvo labai smagu\u201c, \u2013 prid\u016br\u0117 jis. <\/p>\n<p>Australijai pasirod\u017eius visi\u0161kai naujam ma\u017eam visureigiui \u201eJeep Avenger\u201c \u2013 pirmasis prek\u0117s \u017eenklo \u017eygis \u012f visi\u0161k\u0105 elektrifikacij\u0105 \u2013 <em>Vairuoti <\/em>tur\u0117jo galimyb\u0119 paklausti \u201eJeep\u201c dizaino vadov\u0117s Daniele Calonaci, ar \u201eAvenger\u201c i\u0161laiko velykini\u0173 kiau\u0161ini\u0173 tradicij\u0105. <\/p>\n<div id=\"infographics-block--block_6736bf68e6011\" class=\"infographics-block-wrapper \">\n<blockquote class=\"tiktok-embed\" cite=\"https:\/\/www.tiktok.com\/@autotraderuk\/video\/7418213697325223201\" data-video-id=\"7418213697325223201\" style=\"max-width: 605px;min-width: 325px\">\n<section>  @autotraderuk Tai visi Velykiniai kiau\u0161iniai, kuriuos radome Jeep Avenger???? Nepamir\u0161kite dalyvauti m\u016bs\u0173 \u0161io m\u0117nesio elektromobili\u0173 dovanose ir tur\u0117ti galimyb\u0119 laim\u0117ti vien\u0105 i\u0161 \u0161i\u0173 ???? Nuoroda \u012f biografij\u0105 norint dalyvauti (nemokama!) <img decoding=\"async\" src=\"https:\/\/s.w.org\/images\/core\/emoji\/14.0.0\/72x72\/261d.png\" alt=\"\u261d\" class=\"wp-smiley\" style=\"height: 1em;max-height: 1em\" \/> #CarTok #Jeep #JeepAvenger #NewCar #Avenger #BestCars #JeepLove #CrazyCars #AutoTrader #ForYou #Viral #FYP \u266c originalus garsas \u2013 AutoTraderUK <\/section>\n<\/blockquote><\/div>\n<p>Ital\u0173 dizaineris pasidalijo asmeni\u0161kumu, kur\u012f \u012ftrauk\u0117 \u012f elektromobilio dizain\u0105: ma\u017eo berniuko siluet\u0105 ant priekinio \u201eAvenger\u201c stiklo, kuris, pasak Calonaci, yra nuo\u0161irdi duokl\u0117 jo paties s\u016bnui.  <\/p>\n<p>\u201e\u0160is ma\u017eas vaikas i\u0161 tikr\u0173j\u0173 yra mano s\u016bnaus profilis, tod\u0117l paskyriau \u0161i\u0105 transporto priemon\u0119 (jam)\u201c, \u2013 sak\u0117 jis vietos \u017einiasklaidai. <\/p>\n<p>Ma\u017eas berniukas \u017ei\u016bri \u012f kit\u0105 Velyk\u0173 kiau\u0161in\u012f \u2013 \u017evaig\u017ed\u017ei\u0173 \u017evaig\u017edyn\u0105, esant\u012f vir\u0161utiniame kairiajame Ker\u0161ytojo priekinio stiklo kampe.<\/p>\n<p>Be to, ital\u0173 dizaineris sak\u0117, kad \u201eAvenger\u201c turi \u201e10 (iki 11) Velyk\u0173 kiau\u0161ini\u0173 (dizaino)\u201c.<\/p>\n<p>Jis atskleid\u0117, kad dar vienas i\u0161 j\u0173 yra susij\u0119s su naujuoju prek\u0117s \u017eenklo \u201eX-Camo\u201c modeliu, kuris, jo teigimu, kil\u0119s i\u0161 \u201eJeep\u201c karin\u0117s istorijos. <\/p>\n<p>Calonaci paai\u0161kino, kad \u201eX\u201c dalis yra \u012fkv\u0117pta d\u017eemperi\u0173 skardini\u0173, kuriuos kareiviai pritvirtins prie savo transporto priemoni\u0173, dizaino, o X forma anks\u010diau buvo matoma \u201eJeep Renegade\u201c priekiniuose ir galiniuose \u017eibintuose. <\/p>\n<p>\u0160\u012f kart\u0105 Colanci teig\u0117, kad \u201eJeep\u201c dizaineriai naudojo \u201emodern\u0173 po\u017ei\u016br\u012f\u201c su X \u017eenklu, paversdami j\u012f kamuflia\u017einiu ra\u0161tu, kuris matomas visame \u201eAvenger\u201c. <\/p>\n<p>\u201eMes j\u012f sujung\u0117me, kamuflia\u017eas, kil\u0119s i\u0161 karin\u0117s Jeep ir X (\u017eibint\u0173) istorijos. \u201eAvenger\u201c tur\u0117site daug skirting\u0173 (transporto priemon\u0117s) viet\u0173 su \u0161iuo modeliu\u201c, \u2013 vietos \u017einiasklaidai sak\u0117 jis. <\/p>\n<p>\u201eX-Camo\u201c ra\u0161tas matomas ant \u201eAvenger\u201c gaubto lipduko, lempos dangtelio ir centrin\u0117s konsol\u0117s dangtelio. <\/p>\n<div class=\"wp-block-drive-blocks-gallery\">\n<figure class=\"wp-container-16 wp-block-gallery-15 wp-block-gallery has-nested-images columns-default is-cropped\">\n<figure class=\"wp-block-image size-large\"><img decoding=\"async\" loading=\"lazy\" width=\"422\" height=\"237\" src=\"https:\/\/media.drive.com.au\/obj\/tx_rs:auto:422:237:1\/driveau\/upload\/cms\/uploads\/09e9773e-e201-5d64-8a3b-68b98ea50000\" alt=\"\" class=\"wp-image-3413957\" \/><\/figure>\n<\/figure>\n<\/div>\n<p>Nepaisant to, kad Calonaci u\u017esimin\u0117 apie du pasl\u0117ptus dizainus, \u012fvairios u\u017esienio \u017einiasklaidos priemon\u0117s prad\u0117jo demonstruoti kitus velykinius kiau\u0161inius, pasteb\u0117tus naujausiame automobili\u0173 gamintojo modelyje. <\/p>\n<p>Pagal nuotraukas, kurias paskelb\u0117 Ispanijos naujien\u0173 agent\u016bra <em>Periodismo Del Motor<\/em>elektrinis \u201eAvenger\u201c taip pat turi pa\u017e\u012fstam\u0173 Velyk\u0173 kiau\u0161ini\u0173, toki\u0173 kaip \u201eJeep\u201c firminis septyni\u0173 stryp\u0173 groteli\u0173 dizainas, kuris buvo susitrauk\u0119s ir \u012ftaisytas \u201eAvenger\u201c priekyje, po grotel\u0117mis ir priekiniu de\u0161iniuoju kra\u0161tu.<\/p>\n<p>\u0160alia mini septyni\u0173 groteli\u0173 yra plastikinis dangtelis, i\u0161graviruotas kompasu ir Turino (Italija), kur buvo sukurtas elektrinis visureigis, koordinat\u0117mis. <\/p>\n<p>T\u0119sdami \u012fkv\u0117pim\u0105 i\u0161 Jeep visureigi\u0173 DNR, dizaineriai taip pat \u012ftrauk\u0117 nedidel\u0119 boru\u017e\u0117l\u0119 ant elektrinio visureigio stogo, o kaln\u0173 kont\u016brai ir miesto vaizdas matomas ant galini\u0173 automobilio lang\u0173. <\/p>\n<div class=\"wp-block-drive-blocks-gallery\">\n<figure class=\"wp-container-18 wp-block-gallery-17 wp-block-gallery has-nested-images columns-default is-cropped\">\n<figure class=\"wp-block-image size-large\"><img decoding=\"async\" loading=\"lazy\" width=\"1500\" height=\"844\" src=\"https:\/\/media.drive.com.au\/obj\/tx_rs:auto:1920:1080:1\/driveau\/upload\/cms\/uploads\/f76oihmeagfsimxzcouj\" alt=\"\" class=\"wp-image-3256920\" \/><\/figure>\n<figure class=\"wp-block-image size-large\"><img decoding=\"async\" loading=\"lazy\" width=\"1500\" height=\"844\" src=\"https:\/\/media.drive.com.au\/obj\/tx_rs:auto:1920:1080:1\/driveau\/upload\/cms\/uploads\/lrticc9xr1djpq1wxkel\" alt=\"\" class=\"wp-image-3256923\" \/><\/figure>\n<\/figure>\n<\/div>\n<p>Nors pasl\u0117pti motyvai ir simboliai buvo \u201eJeep\u201c istorijos dalis beveik du de\u0161imtme\u010dius, socialin\u0117 \u017einiasklaida labiau atkreip\u0117 d\u0117mes\u012f \u012f tradicij\u0105, o \u201eJeep\u201c savininkai anks\u010diau dalijosi tuo, k\u0105 rado internetin\u0117se platformose, tokiose kaip \u201eTikTok\u201c.<\/p>\n<p>Kaip prane\u0161\u0117 <em>Vairuoti<\/em> 2020 m. vienas TikTok vartotojas suk\u0117l\u0117 siautul\u012f internete, kai atrado vor\u0105 su kalbos burbulu, ant kurio para\u0161yta: \u201e\u010ciao, vaikeli! esantis ant j\u0173 Jeep Renegade degal\u0173 papildymo dang\u010dio. <\/p>\n<p>Originaliame vaizdo \u012fra\u0161e daugelis kit\u0173 \u201eJeep\u201c savinink\u0173 buvo pakviesti pasidalinti velykiniais kiau\u0161iniais, kuriuos jie rado savo automobiliuose, tarp kuri\u0173 buvo ma\u017ei drie\u017eai, d\u017eipo groteli\u0173 motyvai ir net pora dir\u017eeli\u0173. <\/p>\n<p>2025 m. \u201eJeep Avenger\u201c elektrinis visureigis dabar parduodamas Australijos salonuose ir yra trij\u0173 klasi\u0173, pradedant nuo bazin\u0117s specifikacijos \u201eAvenger Longitude\u201c (nuo 49 990 USD prie\u0161 i\u0161laidas kelyje), \u201eAvenger Limited\u201c (nuo 54 990 USD) ir pavyzdinio \u201eAvenger Summit\u201c. (nuo 60 990 USD). <\/p>\n<p>\u012era\u0161as \u201eSkirtas jam\u201c: \u201eJeep\u201c dizaineris atskleid\u017eia nauj\u0105 velykin\u012f kiau\u0161in\u012f, turint\u012f nuo\u0161ird\u017ei\u0105 prasm\u0119, pirm\u0105 kart\u0105 pasirod\u0117 \u201eDrive\u201c.<\/p>\n<p><script async src=\"\/\/www.tiktok.com\/embed.js\"><\/script><br \/>\n<br \/><br \/>\n<br \/><a href=\"https:\/\/www.drive.com.au\/caradvice\/jeep-easter-egg-avenger\/\">Source link <\/a><\/p>\n","protected":false},"excerpt":{"rendered":"<p>\u201eJeep\u201c gars\u0117ja tuo, kad ant savo transporto priemoni\u0173 slepia \u017eaismingus motyvus, ta\u010diau velykinis kiau\u0161inis ant naujojo elektrinio \u201eAvenger\u201c turi ypa\u010d jaudinan\u010di\u0105 atsiradimo istorij\u0105. \u201eJeep\u201c jau seniai gars\u0117jo kaip labai tvirt\u0173 visureigi\u0173 gamintoja, ta\u010diau amerikie\u010di\u0173 automobili\u0173 gamintojas taip pat \u012frod\u0117, kad turi \u017eaisming\u0105 pus\u0119, daugelyje modeli\u0173 \u012ftraukdamas \u201evelykinius kiau\u0161inius\u201c. \u201eJeep\u201c velykini\u0173 kiau\u0161ini\u0173 tradicija prasid\u0117jo de\u0161imtojo de\u0161imtme\u010dio [&hellip;]<\/p>\n","protected":false},"author":1,"featured_media":653,"comment_status":"","ping_status":"","sticky":false,"template":"","format":"standard","meta":{"om_disable_all_campaigns":false,"_monsterinsights_skip_tracking":false,"_monsterinsights_sitenote_active":false,"_monsterinsights_sitenote_note":"","_monsterinsights_sitenote_category":0,"footnotes":""},"categories":[69],"tags":[959,1099,1259,710,1261,395,1263,1264,163,1262,1260],"class_list":["post-652","post","type-post","status-publish","format-standard","has-post-thumbnail","hentry","category-automobiliai-automobiliu-apzvalgos","tag-atskleidzia","tag-dizaineris","tag-jam","tag-jeep","tag-kiausini","tag-nauja","tag-nuosirdzia","tag-prasme","tag-skirta","tag-turinti","tag-velykini"],"aioseo_notices":[],"_links":{"self":[{"href":"https:\/\/ekotransportas.lt\/index.php\/wp-json\/wp\/v2\/posts\/652","targetHints":{"allow":["GET"]}}],"collection":[{"href":"https:\/\/ekotransportas.lt\/index.php\/wp-json\/wp\/v2\/posts"}],"about":[{"href":"https:\/\/ekotransportas.lt\/index.php\/wp-json\/wp\/v2\/types\/post"}],"author":[{"embeddable":true,"href":"https:\/\/ekotransportas.lt\/index.php\/wp-json\/wp\/v2\/users\/1"}],"replies":[{"embeddable":true,"href":"https:\/\/ekotransportas.lt\/index.php\/wp-json\/wp\/v2\/comments?post=652"}],"version-history":[{"count":0,"href":"https:\/\/ekotransportas.lt\/index.php\/wp-json\/wp\/v2\/posts\/652\/revisions"}],"wp:featuredmedia":[{"embeddable":true,"href":"https:\/\/ekotransportas.lt\/index.php\/wp-json\/wp\/v2\/media\/653"}],"wp:attachment":[{"href":"https:\/\/ekotransportas.lt\/index.php\/wp-json\/wp\/v2\/media?parent=652"}],"wp:term":[{"taxonomy":"category","embeddable":true,"href":"https:\/\/ekotransportas.lt\/index.php\/wp-json\/wp\/v2\/categories?post=652"},{"taxonomy":"post_tag","embeddable":true,"href":"https:\/\/ekotransportas.lt\/index.php\/wp-json\/wp\/v2\/tags?post=652"}],"curies":[{"name":"wp","href":"https:\/\/api.w.org\/{rel}","templated":true}]}}