{"id":698,"date":"2024-11-22T18:08:01","date_gmt":"2024-11-22T18:08:01","guid":{"rendered":"https:\/\/ekotransportas.lt\/index.php\/2024\/11\/22\/elektrinis-chrysler-pacifica-mikroautobusas-zaidzia-lanksciu-interjeru\/"},"modified":"2024-11-22T18:08:01","modified_gmt":"2024-11-22T18:08:01","slug":"elektrinis-chrysler-pacifica-mikroautobusas-zaidzia-lanksciu-interjeru","status":"publish","type":"post","link":"https:\/\/ekotransportas.lt\/index.php\/2024\/11\/22\/elektrinis-chrysler-pacifica-mikroautobusas-zaidzia-lanksciu-interjeru\/","title":{"rendered":"Elektrinis Chrysler Pacifica mikroautobusas \u017eaid\u017eia lanks\u010diu interjeru"},"content":{"rendered":"<p> <br \/>\n<\/p>\n<div id=\"\">\n<ul>\n<li><strong>Chrysler Pacifica serija \u012fgis elektrin\u012f variant\u0105<\/strong><\/li>\n<li><strong>Elektrinio Chrysler Pacifica salone bus lanksti vidin\u0117 pakuot\u0117<\/strong><\/li>\n<li><strong>\u201ePacifica\u201c bus atnaujinta 2026 m., o v\u0117liau pasirodys elektrinis variantas <\/strong><\/li>\n<\/ul>\n<p>\u201eChrysler\u201c priart\u0117jo prie elektrinio mikroautobuso, o dabar \u017einome, kaip jis vadinsis.<\/p>\n<p>Ketvirtadien\u012f 2024 m. LA automobili\u0173 parodoje Chrysler generalinis direktorius <span>Christine Feuell \u201eGreen Car Reports\u201c patvirtino, kad b\u016bsimas elektrinis Chrysler mikroautobusas bus <strong>turi Pacifica vard\u0105<\/strong>.<\/span><\/p>\n<p><span id=\"static-marker-video-player-primis\"\/><\/p>\n<p><span>&#8222;Rinkoje yra tiek daug akcij\u0173, vartotojai turi palanki\u0105 nuomon\u0119 apie &#8222;Pacifica&#8221; ir labai gerai \u017eino. \u0160iuo metu nematau jokios prie\u017easties keisti pavadinim\u0105&#8221;, &#8211; sak\u0117 Feuellas.<\/span><\/p>\n<p>2022 m. Niujorko automobili\u0173 parodoje Feuellas GCR sak\u0117, kad automobili\u0173 gamintojas perm\u0105sto mikroautobus\u0105 elektros erai. Ta ateitis ateina greitai.<\/p>\n<div class=\"image_wrapper first_wrapper\"><\/p>\n<p>\u201eChrysler Portal\u201c koncepcija, 2017 m. buitin\u0117s elektronikos paroda<\/p>\n<\/div>\n<p>2026 m. Ramusis vandenynas <strong>gaus atnaujinim\u0105<\/strong>pasak Feuello. Atnaujintas dizainas sudarys pagrind\u0105 elektriniam \u201ePacifica\u201c, kuris pasirodys po met\u0173.<\/p>\n<p>\u201eChrysler\u201c nenaudos \u201eAirflow\u201c elektrinio SUV koncepcijos nustatytos dizaino krypties. Feuellas teig\u0117, kad prek\u0117s \u017eenklo dizaino identitetas perims vasar\u012f pristatytos Halcyon koncepcijos dizaino u\u017euominas. \u201eModernus\u201c ir \u201efuturistinis\u201c buvo dizaino terminai Feuell, kuriuos naudojo Chrysler dizaino kryp\u010diai.<\/p>\n<p>Feuellas ne\u012fsipareigot\u0173, ar \u201ePacifica Hybrid\u201c su \u012fkraunama hibridine j\u0117gos pavara egzistuos kartu su elektriniu \u201ePacifica\u201c. Vykdytojas taip pat nekomentuoja, ar elektrinis \u201ePacifica\u201c su nuotolio didintuvu, kaip \u201eRam Charger EREV\u201c pikapas, b\u016bt\u0173 prasmingas.<\/p>\n<div class=\"image_wrapper\"><img loading=\"lazy\" decoding=\"async\" name=\"tccimg_100587481_m\" title=\"\u201eChrysler Portal\u201c koncepcija, 2017 m. buitin\u0117s elektronikos paroda\" alt=\"\u201eChrysler Portal\u201c koncepcija, 2017 m. buitin\u0117s elektronikos paroda\" width=\"640\" height=\"456\" data-width=\"1024\" data-height=\"729\" data-url=\"https:\/\/images.hgmsites.net\/lrg\/chrysler-portal-concept-2017-consumer-electronics-show_100587481_l.jpg\" src-h=\"https:\/\/images.hgmsites.net\/hug\/chrysler-portal-concept-2017-consumer-electronics-show_100587481_h.jpg\" src=\"https:\/\/images.hgmsites.net\/lrg\/chrysler-portal-concept-2017-consumer-electronics-show_100587481_l.jpg\" src-l=\"https:\/\/images.hgmsites.net\/lrg\/chrysler-portal-concept-2017-consumer-electronics-show_100587481_l.jpg\" src-m=\"https:\/\/images.hgmsites.net\/med\/chrysler-portal-concept-2017-consumer-electronics-show_100587481_m.jpg\" src-s=\"https:\/\/images.hgmsites.net\/sml\/chrysler-portal-concept-2017-consumer-electronics-show_100587481_s.jpg\" class=\"lazy\"\/><\/p>\n<p>\u201eChrysler Portal\u201c koncepcija, 2017 m. buitin\u0117s elektronikos paroda<\/p>\n<\/div>\n<h2>Elektrinis Chrysler Pacifica gauna lanks\u010dias s\u0117dynes<\/h2>\n<p>Feuellas netruko pasteb\u0117ti, kad su VW ID.Buzz \u2013 pirmuoju elektriniu mikroautobusu, pasirod\u017eiusiu JAV rink\u0105 \u2013 turite visi\u0161kai i\u0161imti s\u0117dynes, kad sukurtum\u0117te atvir\u0105 erdv\u0119.<\/p>\n<p>\u201eChrysler\u201c komanda ie\u0161ko k\u016brybi\u0161k\u0173 b\u016bd\u0173, kaip i\u0161 naujo \u012fsivaizduoti patentuot\u0105 automobili\u0173 gamintoj\u0105 <strong>Stow &#8216;N Go s\u0117dyni\u0173 sistema<\/strong> su BEV j\u0117gos agregatu. Feuellas pa\u017eym\u0117jo, kad vienas i\u0161 variant\u0173 yra pastumti priekines s\u0117dynes \u012f priek\u012f, kad po priekin\u0117mis s\u0117dyn\u0117mis b\u016bt\u0173 sukurta sumani baga\u017ein\u0117, kurioje b\u016bt\u0173 galima laikyti antr\u0105j\u0105 eil\u0119. Vykdytojas taip pat pamin\u0117jo, kad \u017ei\u016br\u0117jo \u012f i\u0161orines s\u0117d\u0117jimo vietas antroje eil\u0117je ir galb\u016bt pastat\u0117 jas ant b\u0117gi\u0173, kad slyst\u0173 \u012f \u0161on\u0105.<\/p>\n<p>Pasak Feuello, jokia galutin\u0117 perkonfig\u016bruojam\u0173 s\u0117dyni\u0173 vidin\u0117 konfig\u016bracija dar nebuvo u\u017erakinta. Ta\u010diau planavimo etapai yra pakankamai pa\u017eeng\u0119, kad tiek\u0117jai dabar \u012ftraukiami \u012f diskusij\u0105, kad suprast\u0173, kas \u012fmanoma.<\/p>\n<p>Feuellas sak\u0117, kad komanda nagrin\u0117ja naudojimo atvejus ir tai, kaip klientai nor\u0117s naudoti erdv\u0119. Nuo gul\u0117jimo laukimo, kol vaikas \u017eaid\u017eia futbolo treniruotes, iki stovyklavimo, i\u0161kylos ar vaik\u0161\u010diojimo \u012f gal\u0105 \u2013 viskas ant stalo. Taip pat d\u0117mesys skiriamas tam, kaip <strong>pakrauti ir i\u0161krauti krovinius<\/strong> kartu su \u012f\u0117jimo, i\u0161\u0117jimo ir krovinio pak\u0117limo auk\u0161\u010diu. <\/p>\n<\/p><\/div>\n<p><br \/>\n<br \/><a href=\"https:\/\/www.greencarreports.com\/news\/1145102_electric-chrysler-pacifica-minivan-coming-flexible-interior\">Source link <\/a><\/p>\n","protected":false},"excerpt":{"rendered":"<p>Chrysler Pacifica serija \u012fgis elektrin\u012f variant\u0105 Elektrinio Chrysler Pacifica salone bus lanksti vidin\u0117 pakuot\u0117 \u201ePacifica\u201c bus atnaujinta 2026 m., o v\u0117liau pasirodys elektrinis variantas \u201eChrysler\u201c priart\u0117jo prie elektrinio mikroautobuso, o dabar \u017einome, kaip jis vadinsis. Ketvirtadien\u012f 2024 m. LA automobili\u0173 parodoje Chrysler generalinis direktorius Christine Feuell \u201eGreen Car Reports\u201c patvirtino, kad b\u016bsimas elektrinis Chrysler mikroautobusas [&hellip;]<\/p>\n","protected":false},"author":1,"featured_media":699,"comment_status":"","ping_status":"","sticky":false,"template":"","format":"standard","meta":{"om_disable_all_campaigns":false,"_monsterinsights_skip_tracking":false,"_monsterinsights_sitenote_active":false,"_monsterinsights_sitenote_note":"","_monsterinsights_sitenote_category":0,"footnotes":""},"categories":[2],"tags":[1337,224,1342,1341,1339,1338,1340],"class_list":["post-698","post","type-post","status-publish","format-standard","has-post-thumbnail","hentry","category-ekologiski-automobiliai","tag-chrysler","tag-elektrinis","tag-interjeru","tag-lanksciu","tag-mikroautobusas","tag-pacifica","tag-zaidzia"],"aioseo_notices":[],"_links":{"self":[{"href":"https:\/\/ekotransportas.lt\/index.php\/wp-json\/wp\/v2\/posts\/698","targetHints":{"allow":["GET"]}}],"collection":[{"href":"https:\/\/ekotransportas.lt\/index.php\/wp-json\/wp\/v2\/posts"}],"about":[{"href":"https:\/\/ekotransportas.lt\/index.php\/wp-json\/wp\/v2\/types\/post"}],"author":[{"embeddable":true,"href":"https:\/\/ekotransportas.lt\/index.php\/wp-json\/wp\/v2\/users\/1"}],"replies":[{"embeddable":true,"href":"https:\/\/ekotransportas.lt\/index.php\/wp-json\/wp\/v2\/comments?post=698"}],"version-history":[{"count":0,"href":"https:\/\/ekotransportas.lt\/index.php\/wp-json\/wp\/v2\/posts\/698\/revisions"}],"wp:featuredmedia":[{"embeddable":true,"href":"https:\/\/ekotransportas.lt\/index.php\/wp-json\/wp\/v2\/media\/699"}],"wp:attachment":[{"href":"https:\/\/ekotransportas.lt\/index.php\/wp-json\/wp\/v2\/media?parent=698"}],"wp:term":[{"taxonomy":"category","embeddable":true,"href":"https:\/\/ekotransportas.lt\/index.php\/wp-json\/wp\/v2\/categories?post=698"},{"taxonomy":"post_tag","embeddable":true,"href":"https:\/\/ekotransportas.lt\/index.php\/wp-json\/wp\/v2\/tags?post=698"}],"curies":[{"name":"wp","href":"https:\/\/api.w.org\/{rel}","templated":true}]}}