{"id":716,"date":"2024-11-25T12:21:52","date_gmt":"2024-11-25T12:21:52","guid":{"rendered":"https:\/\/ekotransportas.lt\/index.php\/2024\/11\/25\/gynejas-dalyvaus-dakaro-ralyje-2026-m\/"},"modified":"2024-11-25T12:21:52","modified_gmt":"2024-11-25T12:21:52","slug":"gynejas-dalyvaus-dakaro-ralyje-2026-m","status":"publish","type":"post","link":"https:\/\/ekotransportas.lt\/index.php\/2024\/11\/25\/gynejas-dalyvaus-dakaro-ralyje-2026-m\/","title":{"rendered":"Gyn\u0117jas dalyvaus Dakaro ralyje 2026 m"},"content":{"rendered":"<p> <br \/>\n<\/p>\n<div>\n<p>\u201eJaguar Land Rover\u201c \u012ftrauks \u201eDefender\u201c prek\u0117s \u017eenkl\u0105 \u012f 2026 m. Dakaro ralio serij\u0105.<\/p>\n<p>Did\u017eiosios Britanijos mark\u0117 dirbs vadovaujama darb\u0173 komanda bekel\u0117s i\u0161tverm\u0117s lenktyn\u0117se, naudodama \u201eDefender\u201c \u201eypating\u0105 patvarum\u0105 ir galimybes sud\u0117tingiausiose automobili\u0173 sporto var\u017eybose \u017eem\u0117je\u201c.<\/p>\n<p>Daugiau informacijos apie jo patekim\u0105 \u012f \u201eMotosporto Everest\u0105\u201c bus atskleista kitais metais, sak\u0117 JLR automobili\u0173 sporto vadovas Jamesas Barclay, kuris prid\u016br\u0117: \u201ePirm\u0105 kart\u0105 gamykloje atvyk\u0119 \u012f Dakar\u0105 rei\u0161kia, kad esame savo kelion\u0117s prad\u017eioje. . Suprantame, kiek daug turime i\u0161mokti ir pasiekti prie\u0161 prad\u0117dami 2026 m., ta\u010diau jau gerai einame ir laukiame nuotyki\u0173.<\/p>\n<p>\u0160iandienos prane\u0161ime taip pat patvirtinama, kad prek\u0117s \u017eenklas dabar yra oficialus konkurso r\u0117m\u0117jas iki 2028 m., o tai rei\u0161kia, kad jis suteiks \u201eDefenders\u201c pagalbini\u0173 transporto priemoni\u0173 park\u0105, specialiai sukurt\u0105 lenktyn\u0117ms.<\/p>\n<p>Markas Cameronas, \u201eDefender\u201c prek\u0117s \u017eenklo bosas, sak\u0117: \u201eNuotykiai yra pa\u010dioje \u201eDefender\u201c prek\u0117s \u017eenklo DNR dalyje, tod\u0117l esame \u012fkv\u0117pti bendradarbiauti su Dakaru \u2013 did\u017eiausiu automobili\u0173 sporto nuotykiu \u2013 kur konkurentai i\u0161 tikr\u0173j\u0173 priima tai, kas ne\u012fmanoma.<\/p>\n<p>\u201eM\u016bs\u0173 partneryst\u0117 prasideda 2025 m., kai \u201eDefender\u201c parodys savo paj\u0117gumus ir patvarum\u0105 kaip oficialus renginio automobilis, ta\u010diau jau dabar \u017ei\u016brime \u012f ateit\u012f ir nuo 2026 m.<\/p>\n<p>47-asis ikoninis renginys \u2013 \u0161e\u0161tasis Saudo Arabijoje \u2013 prasid\u0117s sausio 3 d. Bi\u0161oje, o baigsis sausio 17 d. \u0160ubaitoje. <\/p>\n<\/div>\n<p><br \/>\n<br \/><a href=\"https:\/\/www.autocar.co.uk\/car-news\/motorsport\/defender-enter-dakar-rally-2026\">Source link <\/a><\/p>\n","protected":false},"excerpt":{"rendered":"<p>\u201eJaguar Land Rover\u201c \u012ftrauks \u201eDefender\u201c prek\u0117s \u017eenkl\u0105 \u012f 2026 m. Dakaro ralio serij\u0105. Did\u017eiosios Britanijos mark\u0117 dirbs vadovaujama darb\u0173 komanda bekel\u0117s i\u0161tverm\u0117s lenktyn\u0117se, naudodama \u201eDefender\u201c \u201eypating\u0105 patvarum\u0105 ir galimybes sud\u0117tingiausiose automobili\u0173 sporto var\u017eybose \u017eem\u0117je\u201c. Daugiau informacijos apie jo patekim\u0105 \u012f \u201eMotosporto Everest\u0105\u201c bus atskleista kitais metais, sak\u0117 JLR automobili\u0173 sporto vadovas Jamesas Barclay, kuris prid\u016br\u0117: [&hellip;]<\/p>\n","protected":false},"author":1,"featured_media":717,"comment_status":"","ping_status":"","sticky":false,"template":"","format":"standard","meta":{"om_disable_all_campaigns":false,"_monsterinsights_skip_tracking":false,"_monsterinsights_sitenote_active":false,"_monsterinsights_sitenote_note":"","_monsterinsights_sitenote_category":0,"footnotes":""},"categories":[40],"tags":[1370,1369,1368,1371],"class_list":["post-716","post","type-post","status-publish","format-standard","has-post-thumbnail","hentry","category-automobiliai","tag-dakaro","tag-dalyvaus","tag-gynejas","tag-ralyje"],"aioseo_notices":[],"_links":{"self":[{"href":"https:\/\/ekotransportas.lt\/index.php\/wp-json\/wp\/v2\/posts\/716","targetHints":{"allow":["GET"]}}],"collection":[{"href":"https:\/\/ekotransportas.lt\/index.php\/wp-json\/wp\/v2\/posts"}],"about":[{"href":"https:\/\/ekotransportas.lt\/index.php\/wp-json\/wp\/v2\/types\/post"}],"author":[{"embeddable":true,"href":"https:\/\/ekotransportas.lt\/index.php\/wp-json\/wp\/v2\/users\/1"}],"replies":[{"embeddable":true,"href":"https:\/\/ekotransportas.lt\/index.php\/wp-json\/wp\/v2\/comments?post=716"}],"version-history":[{"count":0,"href":"https:\/\/ekotransportas.lt\/index.php\/wp-json\/wp\/v2\/posts\/716\/revisions"}],"wp:featuredmedia":[{"embeddable":true,"href":"https:\/\/ekotransportas.lt\/index.php\/wp-json\/wp\/v2\/media\/717"}],"wp:attachment":[{"href":"https:\/\/ekotransportas.lt\/index.php\/wp-json\/wp\/v2\/media?parent=716"}],"wp:term":[{"taxonomy":"category","embeddable":true,"href":"https:\/\/ekotransportas.lt\/index.php\/wp-json\/wp\/v2\/categories?post=716"},{"taxonomy":"post_tag","embeddable":true,"href":"https:\/\/ekotransportas.lt\/index.php\/wp-json\/wp\/v2\/tags?post=716"}],"curies":[{"name":"wp","href":"https:\/\/api.w.org\/{rel}","templated":true}]}}