{"id":738,"date":"2024-11-28T12:24:38","date_gmt":"2024-11-28T12:24:38","guid":{"rendered":"https:\/\/ekotransportas.lt\/index.php\/2024\/11\/28\/mg-tikisi-tik-nedideliu-zev-mandato-taisykliu-pakeitimu\/"},"modified":"2024-11-28T12:24:38","modified_gmt":"2024-11-28T12:24:38","slug":"mg-tikisi-tik-nedideliu-zev-mandato-taisykliu-pakeitimu","status":"publish","type":"post","link":"https:\/\/ekotransportas.lt\/index.php\/2024\/11\/28\/mg-tikisi-tik-nedideliu-zev-mandato-taisykliu-pakeitimu\/","title":{"rendered":"MG tikisi tik nedideli\u0173 ZEV mandato taisykli\u0173 pakeitim\u0173"},"content":{"rendered":"<p> <br \/>\n<\/p>\n<div>\n<p>MG nesitiki, kad bus padaryta dideli\u0173 nulin\u0117s emisijos transporto priemoni\u0173 (ZEV) mandato pakeitim\u0173, nes tai gali padidinti spaudim\u0105 JK vyriausybei pakeisti kit\u0105 finansin\u0119 politik\u0105, pavyzd\u017eiui, \u016bkinink\u0173 paveld\u0117jimo mokest\u012f.<\/p>\n<p>Komercijos direktorius Guy Pigounakis sak\u0117, kad ZEV mandatas, kurio paspartint\u0105 per\u017ei\u016br\u0105 antradien\u012f patvirtino vyriausyb\u0117, i\u0161 esm\u0117s \u201epakeit\u0117 automobili\u0173 projektavimo, projektavimo, kain\u0173 ir platinimo b\u016bdus\u201c ir \u201etoliau tai darys dabartiniu pavidalu. \u201c.<\/p>\n<p>Ta\u010diau jis mano, kad per\u017ei\u016bros apimtis galiausiai bus apribota d\u0117l kirmin\u0173 skardin\u0117s, kuri\u0105 ji gali atverti vyriausybei.<\/p>\n<\/div>\n<p><br \/>\n<br \/><a href=\"https:\/\/www.autocar.co.uk\/car-news\/business-government-and-legislation\/mg-expects-only-small-changes-zev-mandate-rules\">Source link <\/a><\/p>\n","protected":false},"excerpt":{"rendered":"<p>MG nesitiki, kad bus padaryta dideli\u0173 nulin\u0117s emisijos transporto priemoni\u0173 (ZEV) mandato pakeitim\u0173, nes tai gali padidinti spaudim\u0105 JK vyriausybei pakeisti kit\u0105 finansin\u0119 politik\u0105, pavyzd\u017eiui, \u016bkinink\u0173 paveld\u0117jimo mokest\u012f. Komercijos direktorius Guy Pigounakis sak\u0117, kad ZEV mandatas, kurio paspartint\u0105 per\u017ei\u016br\u0105 antradien\u012f patvirtino vyriausyb\u0117, i\u0161 esm\u0117s \u201epakeit\u0117 automobili\u0173 projektavimo, projektavimo, kain\u0173 ir platinimo b\u016bdus\u201c ir \u201etoliau tai [&hellip;]<\/p>\n","protected":false},"author":1,"featured_media":739,"comment_status":"","ping_status":"","sticky":false,"template":"","format":"standard","meta":{"om_disable_all_campaigns":false,"_monsterinsights_skip_tracking":false,"_monsterinsights_sitenote_active":false,"_monsterinsights_sitenote_note":"","_monsterinsights_sitenote_category":0,"footnotes":""},"categories":[40],"tags":[1409,1407,1411,1410,741,1406,1408],"class_list":["post-738","post","type-post","status-publish","format-standard","has-post-thumbnail","hentry","category-automobiliai","tag-mandato","tag-nedideliu","tag-pakeitimu","tag-taisykliu","tag-tik","tag-tikisi","tag-zev"],"aioseo_notices":[],"_links":{"self":[{"href":"https:\/\/ekotransportas.lt\/index.php\/wp-json\/wp\/v2\/posts\/738","targetHints":{"allow":["GET"]}}],"collection":[{"href":"https:\/\/ekotransportas.lt\/index.php\/wp-json\/wp\/v2\/posts"}],"about":[{"href":"https:\/\/ekotransportas.lt\/index.php\/wp-json\/wp\/v2\/types\/post"}],"author":[{"embeddable":true,"href":"https:\/\/ekotransportas.lt\/index.php\/wp-json\/wp\/v2\/users\/1"}],"replies":[{"embeddable":true,"href":"https:\/\/ekotransportas.lt\/index.php\/wp-json\/wp\/v2\/comments?post=738"}],"version-history":[{"count":0,"href":"https:\/\/ekotransportas.lt\/index.php\/wp-json\/wp\/v2\/posts\/738\/revisions"}],"wp:featuredmedia":[{"embeddable":true,"href":"https:\/\/ekotransportas.lt\/index.php\/wp-json\/wp\/v2\/media\/739"}],"wp:attachment":[{"href":"https:\/\/ekotransportas.lt\/index.php\/wp-json\/wp\/v2\/media?parent=738"}],"wp:term":[{"taxonomy":"category","embeddable":true,"href":"https:\/\/ekotransportas.lt\/index.php\/wp-json\/wp\/v2\/categories?post=738"},{"taxonomy":"post_tag","embeddable":true,"href":"https:\/\/ekotransportas.lt\/index.php\/wp-json\/wp\/v2\/tags?post=738"}],"curies":[{"name":"wp","href":"https:\/\/api.w.org\/{rel}","templated":true}]}}