{"id":899,"date":"2024-12-18T18:57:55","date_gmt":"2024-12-18T18:57:55","guid":{"rendered":"https:\/\/ekotransportas.lt\/index.php\/2024\/12\/18\/honda-ir-nissan-ruosiasi-deryboms-del-susijungimo-kad-atsispirtu-tesla-ir-kinijos-elektromobiliams\/"},"modified":"2024-12-18T18:57:55","modified_gmt":"2024-12-18T18:57:55","slug":"honda-ir-nissan-ruosiasi-deryboms-del-susijungimo-kad-atsispirtu-tesla-ir-kinijos-elektromobiliams","status":"publish","type":"post","link":"https:\/\/ekotransportas.lt\/index.php\/2024\/12\/18\/honda-ir-nissan-ruosiasi-deryboms-del-susijungimo-kad-atsispirtu-tesla-ir-kinijos-elektromobiliams\/","title":{"rendered":"\u201eHonda\u201c ir \u201eNissan\u201c ruo\u0161iasi deryboms d\u0117l susijungimo, kad atsispirt\u0173 \u201eTesla\u201c ir Kinijos elektromobiliams"},"content":{"rendered":"<p> <br \/>\n<\/p>\n<div id=\"\">\n<ul>\n<li><strong>Gali prasid\u0117ti \u201eHonda\u201c ir \u201eNissan\u201c susijungimo derybos<\/strong><\/li>\n<li><strong>D\u0117l susijungimo automobili\u0173 gamintojai tapt\u0173 kontroliuojan\u010dia bendrove<\/strong><\/li>\n<li><strong>Susijungimas gali b\u016bti \u201eNissan\u201c i\u0161sigelb\u0117jimas<\/strong><\/li>\n<\/ul>\n<p>\u201eNikkei\u201c prane\u0161a, kad \u201eHonda\u201c ir \u201eNissan\u201c art\u0117ja prie susijungimo deryb\u0173, kuri\u0173 tikslas \u2013 atremti elektromobili\u0173 konkurencij\u0105.<\/p>\n<p>Japonijos naujien\u0173 dienra\u0161tis antradien\u012f prane\u0161\u0117, kad \u201eHonda\u201c ir \u201eNissan\u201c yra arti <strong>pasira\u0161ant susitarimo memorandum\u0105<\/strong> kaip pirmasis \u017eingsnis deryb\u0173 d\u0117l susijungimo link, o Mitsubishi gali prisijungti kaip tre\u010diasis partneris. \u201eNissan\u201c jau valdo ma\u017edaug 34% \u201eMitsubishi\u201c akcij\u0173, o du automobili\u0173 gamintojai dalijasi platformomis.<\/p>\n<p><span id=\"static-marker-video-player-primis\"\/><\/p>\n<p>Dabartinis planas yra susijungusiems automobili\u0173 gamintojams <strong>veikti pagal kontroliuojan\u010di\u0105j\u0105 bendrov\u0119<\/strong>teigiama ataskaitoje, kurioje Tesla ir Kinijos automobili\u0173 gamintoj\u0173 konkurencija elektromobili\u0173 segmente nurodoma kaip vienas pagrindini\u0173 veiksni\u0173, lemian\u010di\u0173 derybas d\u0117l susijungimo.<\/p>\n<div class=\"image_wrapper first_wrapper\"><\/p>\n<p>2023 m. Nissan Ariya e-4orce<\/p>\n<\/div>\n<p>Tai \u012fvyko po to, kai kovo m\u0117nes\u012f Honda ir Nissan paskelb\u0117 susitarimo memorandum\u0105 d\u0117l<strong>strategin\u0119 partneryst\u0119<\/strong> transporto priemoni\u0173 elektrifikavimo ir intelekto srityse&#8221;, tikimasi, kad ji apims elektromobilius, hibridus ir programin\u0119 \u012frang\u0105. \u201eMitsubishi\u201c buvo nutarta prisijungti prie \u0161ios partneryst\u0117s rugpj\u016b\u010dio m\u0117n. Dabartinis \u201eNissan\u201c, \u201eMitsubishi\u201c ir pranc\u016bz\u0173 automobili\u0173 gamintoj\u0173 aljansas praeityje taip pat bendradarbiavo su \u201eHonda\u201c, Neseniai Altna baterij\u0173 nuomos bendroje \u012fmon\u0117je.<\/p>\n<p>2023 m. kartu parduota daugiau nei 8 milijonai \u201eHonda\u201c ir \u201eNissan\u201c automobili\u0173. D\u0117l to susijung\u0119s automobili\u0173 gamintojas b\u016bt\u0173 tre\u010dias pagal pardavim\u0173 apimt\u012f po \u201eToyota\u201c ir \u201eVolkswagen\u201c grup\u0117s, kurios 2023 metais pardav\u0117 atitinkamai 11,2 mln. ir 9,2 mln.<\/p>\n<p>Visi\u0161kas susijungimas grei\u010diausiai b\u016bt\u0173 a <strong>reikalingas \u201eNissan\u201c i\u0161sigelb\u0117jimas<\/strong>. Spalio m\u0117nes\u012f automobili\u0173 gamintojas paskelb\u0117 apie planus atleisti ma\u017edaug 9 000 darbuotoj\u0173, kurie sudaro 6,7% jos pasaulin\u0117s darbo j\u0117gos, ir 20% suma\u017einti gamybos paj\u0117gumus d\u0117l ma\u017e\u0117jan\u010di\u0173 pardavim\u0173, vis\u0173 pirma JAV ir Kinijoje.<\/p>\n<div class=\"image_wrapper\"><img loading=\"lazy\" decoding=\"async\" name=\"tccimg_100930113_m\" title=\"2025 m. Honda Civic hibridas\" alt=\"2025 m. Honda Civic hibridas\" width=\"640\" height=\"360\" data-width=\"1024\" data-height=\"576\" data-url=\"https:\/\/images.hgmsites.net\/lrg\/2025-honda-civic-hybrid_100930113_l.webp\" src-h=\"https:\/\/images.hgmsites.net\/hug\/2025-honda-civic-hybrid_100930113_h.webp\" src=\"https:\/\/images.hgmsites.net\/lrg\/2025-honda-civic-hybrid_100930113_l.webp\" src-l=\"https:\/\/images.hgmsites.net\/lrg\/2025-honda-civic-hybrid_100930113_l.webp\" src-m=\"https:\/\/images.hgmsites.net\/med\/2025-honda-civic-hybrid_100930113_m.webp\" src-s=\"https:\/\/images.hgmsites.net\/sml\/2025-honda-civic-hybrid_100930113_s.webp\" class=\"lazy\"\/><\/p>\n<p>2025 m. Honda Civic hibridas<\/p>\n<\/div>\n<p>Abu automobili\u0173 gamintojai \u0161iuo metu ruo\u0161iasi i\u0161 naujo nustatyti elektromobil\u012f \u2013 \u201eHonda\u201c ruo\u0161iasi i\u0161leisti 0 serij\u0105 nuo 2026 m., o \u201eNissan\u201c ruo\u0161ia naujos kartos \u201eLeaf\u201c, taip pat didesnius modelius, skirtus surinkti Misisip\u0117je.<\/p>\n<p>Hibridai gal\u0117t\u0173 pateikti daugiau <strong>tiesiogines galimybes<\/strong> integracijai. \u201eHonda\u201c dviej\u0173 varikli\u0173 hibridin\u0117 sistema gal\u0117t\u0173 pakeisti \u201eNissan\u201c hibridin\u0119 \u201ee-Power\u201c sistem\u0105, kuri po daugel\u012f met\u0173 trukusi\u0173 diskusij\u0173 vis dar nepasiek\u0117 JAV. Tuo tarpu \u201eNissan\u201c gal\u0117t\u0173 pirmauti pikap\u0173 ir visureigi\u0173 elektrifikavimo srityje, \u012fskaitant k\u0117bulo modelius, kuri\u0173 \u0161iuo metu tr\u016bksta \u201eHonda\u201c.<\/p>\n<\/p><\/div>\n<p><br \/>\n<br \/><a href=\"https:\/\/www.greencarreports.com\/news\/1145330_honda-and-nissan-prepare-merger-talks-to-fend-off-tesla-and-chinese-evs\">Source link <\/a><\/p>\n","protected":false},"excerpt":{"rendered":"<p>Gali prasid\u0117ti \u201eHonda\u201c ir \u201eNissan\u201c susijungimo derybos D\u0117l susijungimo automobili\u0173 gamintojai tapt\u0173 kontroliuojan\u010dia bendrove Susijungimas gali b\u016bti \u201eNissan\u201c i\u0161sigelb\u0117jimas \u201eNikkei\u201c prane\u0161a, kad \u201eHonda\u201c ir \u201eNissan\u201c art\u0117ja prie susijungimo deryb\u0173, kuri\u0173 tikslas \u2013 atremti elektromobili\u0173 konkurencij\u0105. Japonijos naujien\u0173 dienra\u0161tis antradien\u012f prane\u0161\u0117, kad \u201eHonda\u201c ir \u201eNissan\u201c yra arti pasira\u0161ant susitarimo memorandum\u0105 kaip pirmasis \u017eingsnis deryb\u0173 d\u0117l susijungimo [&hellip;]<\/p>\n","protected":false},"author":1,"featured_media":900,"comment_status":"","ping_status":"","sticky":false,"template":"","format":"standard","meta":{"om_disable_all_campaigns":false,"_monsterinsights_skip_tracking":false,"_monsterinsights_sitenote_active":false,"_monsterinsights_sitenote_note":"","_monsterinsights_sitenote_category":0,"footnotes":""},"categories":[2],"tags":[1622,197,1620,10,323,443,9,153,1619,1621,244],"class_list":["post-899","post","type-post","status-publish","format-standard","has-post-thumbnail","hentry","category-ekologiski-automobiliai","tag-atsispirtu","tag-del","tag-deryboms","tag-elektromobiliams","tag-honda","tag-kad","tag-kinijos","tag-nissan","tag-ruosiasi","tag-susijungimo","tag-tesla"],"aioseo_notices":[],"_links":{"self":[{"href":"https:\/\/ekotransportas.lt\/index.php\/wp-json\/wp\/v2\/posts\/899","targetHints":{"allow":["GET"]}}],"collection":[{"href":"https:\/\/ekotransportas.lt\/index.php\/wp-json\/wp\/v2\/posts"}],"about":[{"href":"https:\/\/ekotransportas.lt\/index.php\/wp-json\/wp\/v2\/types\/post"}],"author":[{"embeddable":true,"href":"https:\/\/ekotransportas.lt\/index.php\/wp-json\/wp\/v2\/users\/1"}],"replies":[{"embeddable":true,"href":"https:\/\/ekotransportas.lt\/index.php\/wp-json\/wp\/v2\/comments?post=899"}],"version-history":[{"count":0,"href":"https:\/\/ekotransportas.lt\/index.php\/wp-json\/wp\/v2\/posts\/899\/revisions"}],"wp:featuredmedia":[{"embeddable":true,"href":"https:\/\/ekotransportas.lt\/index.php\/wp-json\/wp\/v2\/media\/900"}],"wp:attachment":[{"href":"https:\/\/ekotransportas.lt\/index.php\/wp-json\/wp\/v2\/media?parent=899"}],"wp:term":[{"taxonomy":"category","embeddable":true,"href":"https:\/\/ekotransportas.lt\/index.php\/wp-json\/wp\/v2\/categories?post=899"},{"taxonomy":"post_tag","embeddable":true,"href":"https:\/\/ekotransportas.lt\/index.php\/wp-json\/wp\/v2\/tags?post=899"}],"curies":[{"name":"wp","href":"https:\/\/api.w.org\/{rel}","templated":true}]}}