{"id":978,"date":"2024-12-28T20:34:23","date_gmt":"2024-12-28T20:34:23","guid":{"rendered":"https:\/\/ekotransportas.lt\/index.php\/2024\/12\/28\/nemanykite-kad-esate-apsaugotas-ar-automobilio-langai-apsaugo-jusu-oda-nuo-uv-spinduliu\/"},"modified":"2024-12-28T20:34:23","modified_gmt":"2024-12-28T20:34:23","slug":"nemanykite-kad-esate-apsaugotas-ar-automobilio-langai-apsaugo-jusu-oda-nuo-uv-spinduliu","status":"publish","type":"post","link":"https:\/\/ekotransportas.lt\/index.php\/2024\/12\/28\/nemanykite-kad-esate-apsaugotas-ar-automobilio-langai-apsaugo-jusu-oda-nuo-uv-spinduliu\/","title":{"rendered":"\u201eNemanykite, kad esate apsaugotas\u201c: ar automobilio langai apsaugo j\u016bs\u0173 od\u0105 nuo UV spinduli\u0173?"},"content":{"rendered":"<p> <br \/>\n<\/p>\n<div class=\"wp-block-drive-blocks-standfirst\">\n<p class=\"text-xl leading-8 font-light not-italic font-poppins\">Ar esate saug\u016bs nuo saul\u0117s padarytos \u017ealos j\u016bs\u0173 odai, jei \u012fs\u0117date \u012f automobil\u012f? Ar visi automobilio langai blokuoja kenksmingus UV spindulius ir kiek? Mes turime atsakymus.<\/p>\n<\/div>\n<div class=\"wp-block-drive-blocks-gallery\">\n<figure class=\"wp-container-2 wp-block-gallery-1 wp-block-gallery has-nested-images columns-default is-cropped\">\n<figure class=\"wp-block-image size-large\"><\/figure>\n<\/figure>\n<\/div>\n<p>Visi \u017einome, kad Australijos vasaros b\u016bna kar\u0161tos ir turime \u012fsitikinti, kad \u0161vie\u010diant saulei \u201epaslydome, paslydome, pliauk\u0161tel\u0117jame, ie\u0161kome, slystame\u201c, ta\u010diau dauguma i\u0161 m\u016bs\u0173 negalvojame apie tai, kas atsitinka m\u016bs\u0173 odai pro automobilio langus.<\/p>\n<p>Nesunku manyti, kad saugiai atsid\u016br\u0119 automobilyje ir u\u017edar\u0119 duris bei langus, b\u016bsite namuose ir sausi, bet, deja, taip n\u0117ra.<\/p>\n<p>Nors dauguma automobili\u0173 si\u016blo ger\u0105 apsaug\u0105 nuo UV spinduli\u0173, ji priklauso nuo gamintojo ir modelio, am\u017eiaus ir naudojamo stiklo.<\/p>\n<p>\u0160tai k\u0105 reikia \u017einoti apie pavojus ir k\u0105 galite padaryti, kad j\u0173 i\u0161vengtum\u0117te.<\/p>\n<div class=\"wp-block-drive-blocks-gallery\">\n<figure class=\"wp-container-4 wp-block-gallery-3 wp-block-gallery has-nested-images columns-default is-cropped\">\n<figure class=\"wp-block-image size-large\"><img decoding=\"async\" loading=\"lazy\" width=\"1920\" height=\"1080\" src=\"https:\/\/media.drive.com.au\/obj\/tx_rs:auto:1920:1080:1\/driveau\/upload\/cms\/uploads\/8f42ff98-4c04-5ced-a1fa-1fe614450000\" alt=\"\" class=\"wp-image-3425041\" \/><\/figure><figcaption class=\"blocks-gallery-caption\">Kreditas: iStock\/Stockarm<\/figcaption><\/figure>\n<\/div>\n<div id=\"ez-toc-container\" class=\"ez-toc-v2_0_82_2 counter-hierarchy ez-toc-counter ez-toc-grey ez-toc-container-direction\">\n<div class=\"ez-toc-title-container\">\n<p class=\"ez-toc-title\" style=\"cursor:inherit\">Turinys:<\/p>\n<span class=\"ez-toc-title-toggle\"><a href=\"#\" class=\"ez-toc-pull-right ez-toc-btn ez-toc-btn-xs ez-toc-btn-default ez-toc-toggle\" aria-label=\"Toggle Table of Content\"><span class=\"ez-toc-js-icon-con\"><span class=\"\"><span class=\"eztoc-hide\" style=\"display:none;\">Toggle<\/span><span class=\"ez-toc-icon-toggle-span\"><svg style=\"fill: #999;color:#999\" xmlns=\"http:\/\/www.w3.org\/2000\/svg\" class=\"list-377408\" width=\"20px\" height=\"20px\" viewBox=\"0 0 24 24\" fill=\"none\"><path d=\"M6 6H4v2h2V6zm14 0H8v2h12V6zM4 11h2v2H4v-2zm16 0H8v2h12v-2zM4 16h2v2H4v-2zm16 0H8v2h12v-2z\" fill=\"currentColor\"><\/path><\/svg><svg style=\"fill: #999;color:#999\" class=\"arrow-unsorted-368013\" xmlns=\"http:\/\/www.w3.org\/2000\/svg\" width=\"10px\" height=\"10px\" viewBox=\"0 0 24 24\" version=\"1.2\" baseProfile=\"tiny\"><path d=\"M18.2 9.3l-6.2-6.3-6.2 6.3c-.2.2-.3.4-.3.7s.1.5.3.7c.2.2.4.3.7.3h11c.3 0 .5-.1.7-.3.2-.2.3-.5.3-.7s-.1-.5-.3-.7zM5.8 14.7l6.2 6.3 6.2-6.3c.2-.2.3-.5.3-.7s-.1-.5-.3-.7c-.2-.2-.4-.3-.7-.3h-11c-.3 0-.5.1-.7.3-.2.2-.3.5-.3.7s.1.5.3.7z\"\/><\/svg><\/span><\/span><\/span><\/a><\/span><\/div>\n<nav><ul class='ez-toc-list ez-toc-list-level-1 ' ><li class='ez-toc-page-1 ez-toc-heading-level-2'><a class=\"ez-toc-link ez-toc-heading-1\" href=\"https:\/\/ekotransportas.lt\/index.php\/2024\/12\/28\/nemanykite-kad-esate-apsaugotas-ar-automobilio-langai-apsaugo-jusu-oda-nuo-uv-spinduliu\/#Ar_automobilio_stiklai_apsaugo_nuo_UV\" >Ar automobilio stiklai apsaugo nuo UV?<\/a><\/li><li class='ez-toc-page-1 ez-toc-heading-level-2'><a class=\"ez-toc-link ez-toc-heading-2\" href=\"https:\/\/ekotransportas.lt\/index.php\/2024\/12\/28\/nemanykite-kad-esate-apsaugotas-ar-automobilio-langai-apsaugo-jusu-oda-nuo-uv-spinduliu\/#Ar_galima_susirgti_odos_veziu_pro_automobilio_langus\" >Ar galima susirgti odos v\u0117\u017eiu pro automobilio langus?<\/a><\/li><li class='ez-toc-page-1 ez-toc-heading-level-2'><a class=\"ez-toc-link ez-toc-heading-3\" href=\"https:\/\/ekotransportas.lt\/index.php\/2024\/12\/28\/nemanykite-kad-esate-apsaugotas-ar-automobilio-langai-apsaugo-jusu-oda-nuo-uv-spinduliu\/#Kaip_apsisaugoti\" >Kaip apsisaugoti<\/a><\/li><li class='ez-toc-page-1 ez-toc-heading-level-2'><a class=\"ez-toc-link ez-toc-heading-4\" href=\"https:\/\/ekotransportas.lt\/index.php\/2024\/12\/28\/nemanykite-kad-esate-apsaugotas-ar-automobilio-langai-apsaugo-jusu-oda-nuo-uv-spinduliu\/#Kaip_automobilio_langus_papildyti_UV_apsauga\" >Kaip automobilio langus papildyti UV apsauga<\/a><\/li><li class='ez-toc-page-1 ez-toc-heading-level-2'><a class=\"ez-toc-link ez-toc-heading-5\" href=\"https:\/\/ekotransportas.lt\/index.php\/2024\/12\/28\/nemanykite-kad-esate-apsaugotas-ar-automobilio-langai-apsaugo-jusu-oda-nuo-uv-spinduliu\/#Ar_visi_automobilio_langai_turi_apsauga_nuo_UV_spinduliu\" >Ar visi automobilio langai turi apsaug\u0105 nuo UV spinduli\u0173?<\/a><ul class='ez-toc-list-level-3' ><li class='ez-toc-heading-level-3'><a class=\"ez-toc-link ez-toc-heading-6\" href=\"https:\/\/ekotransportas.lt\/index.php\/2024\/12\/28\/nemanykite-kad-esate-apsaugotas-ar-automobilio-langai-apsaugo-jusu-oda-nuo-uv-spinduliu\/#Mazda\" >Mazda<\/a><\/li><li class='ez-toc-page-1 ez-toc-heading-level-3'><a class=\"ez-toc-link ez-toc-heading-7\" href=\"https:\/\/ekotransportas.lt\/index.php\/2024\/12\/28\/nemanykite-kad-esate-apsaugotas-ar-automobilio-langai-apsaugo-jusu-oda-nuo-uv-spinduliu\/#Mitsubishi\" >Mitsubishi<\/a><\/li><\/ul><\/li><\/ul><\/nav><\/div>\n<h2 id=\"h-do-car-windows-protect-from-uv\"><span class=\"ez-toc-section\" id=\"Ar_automobilio_stiklai_apsaugo_nuo_UV\"><\/span>Ar automobilio stiklai apsaugo nuo UV?<span class=\"ez-toc-section-end\"><\/span><\/h2>\n<p>Taip, bet ne iki galo. Tai priklauso nuo UV spinduliuot\u0117s tipo.<\/p>\n<p>Yra du tipai, galintys paveikti m\u016bs\u0173 od\u0105, UVA ir UVB \u2013 abu gali sukelti odos v\u0117\u017e\u012f ir pa\u017eeisti akis.<\/p>\n<p>V\u0117\u017eio tarybos teigimu, vis\u0173 tip\u0173 automobili\u0173 lang\u0173 stiklai blokuoja daugum\u0105 (bet ne visus) UVB, ta\u010diau kalbant apie UVA tai priklauso nuo naudojamo stiklo tipo \u2013 laminuoto ar gr\u016bdinto.<\/p>\n<p><strong>SUSIJ\u0118S: \u201eNe ma\u017eiau kaip 10 procent\u0173\u201c: ar galite klijuoti lipdukus ant priekinio stiklo?<\/strong><\/p>\n<p>Laminuotas stiklas, naudojamas priekiniams langams, suteikia geresn\u0119 apsaug\u0105, nes tarp dviej\u0173 stiklo plok\u0161\u010di\u0173 suklijuotas tvirtas plastikinis sluoksnis, leid\u017eiantis blokuoti ma\u017edaug 98 procentus UVA spinduliuot\u0117s.<\/p>\n<p>Ta\u010diau gr\u016bdintas stiklas paprastai naudojamas \u0161oniniuose ir galiniuose languose, taip pat stoglangiuose ir suteikia daugiau UVA, o apsaugos laipsnis, kaip teigiama, labai skiriasi priklausomai nuo jo storio.<\/p>\n<p>Kiti dalykai, \u012f kuriuos reikia atsi\u017evelgti, yra tai, ar langai yra atidaryti ar u\u017edaryti, ir transporto priemon\u0117s pad\u0117tis saul\u0117s at\u017evilgiu tuo metu \u2013 ir akivaizdu, kad u\u017edarytas langas suteikia daugiau apsaugos.<\/p>\n<div class=\"wp-block-drive-blocks-gallery\">\n<figure class=\"wp-container-6 wp-block-gallery-5 wp-block-gallery has-nested-images columns-default is-cropped\">\n<figure class=\"wp-block-image size-large\"><img decoding=\"async\" loading=\"lazy\" width=\"1920\" height=\"1080\" src=\"https:\/\/media.drive.com.au\/obj\/tx_rs:auto:1920:1080:1\/driveau\/upload\/cms\/uploads\/1dd63ec8-8c1c-51f9-9f11-bbb76e150000\" alt=\"\" class=\"wp-image-3425042\" \/><\/figure><figcaption class=\"blocks-gallery-caption\">Kreditas: iStock\/Art_rich<\/figcaption><\/figure>\n<\/div>\n<h2><span class=\"ez-toc-section\" id=\"Ar_galima_susirgti_odos_veziu_pro_automobilio_langus\"><\/span>Ar galima susirgti odos v\u0117\u017eiu pro automobilio langus?<span class=\"ez-toc-section-end\"><\/span><\/h2>\n<p>Techni\u0161kai taip, galite.<\/p>\n<p>Ta\u010diau V\u0117\u017eio taryba teigia, kad UV spinduliuot\u0117 \u201ekelia ma\u017e\u0105 pavoj\u0173 \u017emoni\u0173 sveikatai, nebent jie ilg\u0105 laik\u0105 praleid\u017eia prie lang\u0173, \u012f kuriuos patenka tiesiogin\u0117 saul\u0117, arba turi rimt\u0173 \u0161viesai jautri\u0173 odos sutrikim\u0173\u201c.<\/p>\n<p>Tiems, kurie daug laiko praleid\u017eia automobilyje, rekomenduojama naudoti apsaug\u0105 nuo saul\u0117s, kad i\u0161vengt\u0173 \u017ealingo UV spinduli\u0173 poveikio.<\/p>\n<p>Trumpesni UVB spinduliai da\u017eniausiai sukelia saul\u0117s nudegim\u0105, o ilgesni UVA spinduliai sukelia tokius dalykus kaip odos sen\u0117jimas, rauk\u0161l\u0117s ir saul\u0117s nudegimas.<\/p>\n<p>Ilgalaikis abiej\u0173 tip\u0173 poveikis gali sukelti odos v\u0117\u017e\u012f.<\/p>\n<p>\u201eNegalvokite, kad esate automobilyje ir u\u017edarytas langas, kad esate apsaugotas nuo UV spinduli\u0173\u201c, \u2013 sak\u0117 dr Jayne Weiss. <em>\u201eReuters Health\u201c.<\/em> po 2016 m. atlikto UV poveikio automobiliuose tyrimo.<\/p>\n<div class=\"wp-block-drive-blocks-gallery\">\n<figure class=\"wp-container-8 wp-block-gallery-7 wp-block-gallery has-nested-images columns-default is-cropped\">\n<figure class=\"wp-block-image size-large\"><img decoding=\"async\" src=\"https:\/\/media.drive.com.au\/obj\/tx_rs:auto:1920:1080:1\/driveau\/upload\/cms\/uploads\/g2wf2p9csmcrlaiiedvj\" alt=\"MG ZST Essence stoglangis\" class=\"wp-image-2905793\" \/><\/figure>\n<\/figure>\n<\/div>\n<h2><span class=\"ez-toc-section\" id=\"Kaip_apsisaugoti\"><\/span>Kaip apsisaugoti<span class=\"ez-toc-section-end\"><\/span><\/h2>\n<p>Cancer Council Australia rekomenduoja \u017emon\u0117ms, kurie ilg\u0105 laik\u0105 praleid\u017eia transporto priemon\u0117je, naudoti \u012fvairias apsaugos nuo saul\u0117s priemones, pavyzd\u017eiui, mar\u0161kinius ilgomis rankov\u0117mis su apykakle, akinius nuo saul\u0117s ir krem\u0105 nuo saul\u0117s, kurio SPF 50 ar didesnis.<\/p>\n<p>Ta\u010diau ypa\u010d daug laiko automobilyje praleid\u017eiantiems \u017emon\u0117ms arba vaikams gali b\u016bti taikomos papildomos atsargumo priemon\u0117s, pvz., lang\u0173 atspalvi\u0173 ar u\u017edangal\u0173, kuriuos galite nusipirkti.<\/p>\n<p>\u017dinoma, su tuo susijusios papildomos i\u0161laidos \u2013 dang\u010diai yra pigesnis pasirinkimas. Ta\u010diau j\u0173 negalima d\u0117ti ant priekini\u0173 vairuotojo ar keleivio lang\u0173.<\/p>\n<p>Teigiama, kad atspalviai ir dang\u010diai blokuoja iki 99 procentus UV spinduli\u0173, tod\u0117l yra veiksmingi. Daugelis kompanij\u0173 si\u016blo \u0161ias paslaugas, per daug, kad b\u016bt\u0173 galima i\u0161vardyti, ta\u010diau tarp dideli\u0173 vard\u0173 yra \u201eTint a Car\u201c, \u201eOztint\u201c ir \u201eSnap Shades\u201c.<\/p>\n<p>JK automobili\u0173 asociacija taip pat turi s\u0105ra\u0161\u0105 patarim\u0173, kuriuos ji rekomenduoja, kad sau ir kartu keliaujantiems automobilyje b\u016bt\u0173 saugu:<\/p>\n<ul>\n<li>D\u0117v\u0117kite apsaugin\u012f krem\u0105 nuo saul\u0117s arba prisidenkite, jei vasar\u0105 vykstate \u012f kelion\u0119 su atidarytais langais arba stoglangiu<\/li>\n<li>Jei lengvai nusideginate ir daug vairuojate, naudokite apsaugin\u012f krem\u0105 nuo saul\u0117s arba prisidenkite net u\u017edar\u0119 langus. Naudokite oro kondicionieri\u0173, kad v\u0117sintum\u0117te<\/li>\n<li>Jei vairuojate nuleid\u0119s stog\u0105, d\u0117v\u0117kite kepur\u0119 ir d\u0117v\u0117kite apsaugin\u012f krem\u0105 nuo saul\u0117s<\/li>\n<li>\u012esitikinkite, kad keleiviai, ypa\u010d vaikai, taip pat yra apsaugoti<\/li>\n<li>Tur\u0117kite skryb\u0117l\u0119 nuo saul\u0117s, drabu\u017eius ilgomis rankov\u0117mis ir krem\u0105 nuo saul\u0117s, jei sugestum\u0117te \u2013 galb\u016bt nerasite saugios vietos, kur lauktum\u0117te pagalbos, kuri taip pat yra \u0161e\u0161\u0117lyje.<\/li>\n<li>Rinkit\u0117s apsaugos nuo saul\u0117s priemones, kurios apsaugot\u0173 ir nuo UVA, ir nuo UVB<\/li>\n<li>Apsaugokite jautresn\u0119 savo vaik\u0173 od\u0105 naudodami apsaugos nuo saul\u0117s priemones ir drabu\u017eius \u2013 apsvarstykite galimyb\u0119 automobilio langams pritaikyti papildom\u0105 \u0161e\u0161\u0117liavim\u0105<\/li>\n<li>Rinkit\u0117s akinius nuo saul\u0117s, kurie apsaugo nuo UV spinduli\u0173.<\/li>\n<\/ul>\n<div class=\"wp-block-drive-blocks-gallery\">\n<figure class=\"wp-container-10 wp-block-gallery-9 wp-block-gallery has-nested-images columns-default is-cropped\">\n<figure class=\"wp-block-image size-large\"><img decoding=\"async\" loading=\"lazy\" width=\"1920\" height=\"1080\" src=\"https:\/\/media.drive.com.au\/obj\/tx_rs:auto:1920:1080:1\/driveau\/upload\/cms\/uploads\/438206ba-9c76-5450-9ac4-d98ea6650000\" alt=\"\" class=\"wp-image-3425045\" \/><\/figure><figcaption class=\"blocks-gallery-caption\">Kreditas: iStock \/ Daniel Tadevosyan<\/figcaption><\/figure>\n<\/div>\n<h2><span class=\"ez-toc-section\" id=\"Kaip_automobilio_langus_papildyti_UV_apsauga\"><\/span>Kaip automobilio langus papildyti UV apsauga<span class=\"ez-toc-section-end\"><\/span><\/h2>\n<p>Kaip nurodyta pirmiau, lang\u0173 atspalviai arba u\u017edangalai gali suma\u017einti UV spinduliuot\u0119 iki 99 proc., tod\u0117l, jei nerimaujate, jie gali b\u016bti vertingi j\u016bs\u0173 automobilio priedai.<\/p>\n<p>Pasak V\u0117\u017eio tarybos, stikl\u0173 tamsinimas rekomenduojamas darbin\u0117ms transporto priemon\u0117ms, kai tai prakti\u0161ka, ta\u010diau pla\u010dioji visuomen\u0117 taip pat tur\u0117t\u0173 pagalvoti apie naud\u0105.<\/p>\n<p>Arba med\u017eiaginiai \u0161onini\u0173 lang\u0173 u\u017edangalai gali u\u017etikrinti \u0161e\u0161\u0117l\u012f ir apsaug\u0105 nuo UV spinduli\u0173, be to, juos lengva naudoti norint apsaugoti vaikus ir k\u016bdikius keliaujant transporto priemon\u0117je.<\/p>\n<p>V\u0117lgi, jie gali b\u016bti veiksmingi tik u\u017edarius langus.<\/p>\n<p>Taip pat verta pamin\u0117ti, kad ant automobili\u0173 stikl\u0173 dedamos pl\u0117vel\u0117s ar atspalviai turi atitikti valstyb\u0117s ir teritorijos reikalavimus, kurie gali skirtis.<\/p>\n<p>\u0160ios taisykl\u0117s da\u017enai numato did\u017eiausi\u0105 tamsum\u0105, vadinam\u0105 matomos \u0161viesos pralaidumo lygiu (VLT) priekiniam stiklui ir \u0161oniniams bei galiniams langams, o priekiniai stiklai negali b\u016bti tamsinami, nes minimalus VLT reikalavimas yra 75 procentai.<\/p>\n<p>Ta\u010diau tamsinta juosta (ne daugiau kaip 10 % priekinio stiklo ploto) leid\u017eiama tol, kol ji yra vir\u0161 tos priekinio stiklo dalies, kuri\u0105 nuvalo valytuvai pagal Australijos projektavimo taisykles.<\/p>\n<div class=\"wp-block-drive-blocks-gallery\">\n<figure class=\"wp-container-12 wp-block-gallery-11 wp-block-gallery has-nested-images columns-default is-cropped\">\n<figure class=\"wp-block-image size-large\"><img decoding=\"async\" loading=\"lazy\" width=\"1920\" height=\"1080\" src=\"https:\/\/media.drive.com.au\/obj\/tx_g:ce,rs:fill:1920:1080,dpr:1,q:60\/driveau\/upload\/cms\/uploads\/11a60bb9-ec71-55fa-a1bf-dfeaae050000\" alt=\"\" class=\"wp-image-3342269\" \/><\/figure>\n<\/figure>\n<\/div>\n<h2><span class=\"ez-toc-section\" id=\"Ar_visi_automobilio_langai_turi_apsauga_nuo_UV_spinduliu\"><\/span>Ar visi automobilio langai turi apsaug\u0105 nuo UV spinduli\u0173?<span class=\"ez-toc-section-end\"><\/span><\/h2>\n<p>Ne. Tai, kiek j\u016bs\u0173 automobilis apsaugos jus nuo UV spinduliuot\u0117s, priklausys nuo gamybos procese naudojamo stiklo ir skiriasi priklausomai nuo prek\u0117s \u017eenklo.<\/p>\n<p><em>Vairuoti<\/em> ap\u017ei\u016br\u0117jo kai kuriuos did\u017eiausius Australijos automobili\u0173 gamintojus, kad su\u017einot\u0173, k\u0105 jie daro, ir \u0161tai k\u0105 jie mums papasakojo.<\/p>\n<h3><span class=\"ez-toc-section\" id=\"Mazda\"><\/span>Mazda<span class=\"ez-toc-section-end\"><\/span><\/h3>\n<p>\u201eMazda\u201c teigimu, visi jos modeliai turi UV apsaug\u0105 ant vis\u0173 lang\u0173 ir 100 procent\u0173 priekinius stiklus.<\/p>\n<p>Galini\u0173 lang\u0173, ketvir\u010di\u0173 ir baga\u017ein\u0117s dang\u010di\u0173 apsauga skiriasi, bet yra ne ma\u017eesn\u0117 nei 65 proc. \u201eMazda\u201c taip pat teig\u0117, kad naujausi\u0173 modeli\u0173 apr\u0117ptis yra didesn\u0117.<\/p>\n<p>Be to, visos transporto priemon\u0117s su stoglangiu turi bent 94 procent\u0173 apsaug\u0105 nuo UV spinduli\u0173.<\/p>\n<div class=\"wp-block-drive-blocks-gallery\">\n<figure class=\"wp-container-14 wp-block-gallery-13 wp-block-gallery has-nested-images columns-default is-cropped\">\n<figure class=\"wp-block-image size-large\"><img decoding=\"async\" loading=\"lazy\" width=\"1920\" height=\"1080\" src=\"https:\/\/media.drive.com.au\/obj\/tx_q:50,rs:auto:1920:1080:1\/driveau\/upload\/cms\/uploads\/4dcada8d-d2dd-5ff5-989e-75dcda150000\" alt=\"\" class=\"wp-image-3348085\" \/><\/figure>\n<\/figure>\n<\/div>\n<h3><span class=\"ez-toc-section\" id=\"Mitsubishi\"><\/span>Mitsubishi<span class=\"ez-toc-section-end\"><\/span><\/h3>\n<p>Visi \u0161iuo metu Australijoje parduodami Mitsubishi modeliai turi \u012fvairaus laipsnio lang\u0173 apsaug\u0105 nuo UV spinduli\u0173, ta\u010diau vis\u0173 j\u0173 priekiniai stiklai u\u017eblokuoja iki 100 proc.<\/p>\n<p>\u201eMitsubishi Australia\u201c teigimu, jos lang\u0173 atspalvi\u0173 specifikacijos atitinka ADR ir buvo i\u0161bandytos patronuojan\u010dios bendrov\u0117s Japonijoje.<\/p>\n<p>Visi \u0161iuo metu Australijoje parduodami Mitsubishi modeliai, apsaugantys nuo UV spinduli\u0173 ant priekinio stiklo, kuri, kaip nustatyta, blokuoja iki 100 procent\u0173 UV spinduli\u0173.<\/p>\n<p>ASX ma\u017eo visureigio priekiniai langai sulaiko iki 68 proc. UV spinduli\u0173 visuose variantuose, ta\u010diau pradinio lygio galini\u0173 dur\u0173, ketvir\u010dio ir baga\u017ein\u0117s dureli\u0173 stiklai vertinami ma\u017eiau nei 66 proc.<\/p>\n<p>Privatus stiklas, sumontuotas ant galini\u0173 dur\u0173, ketvirtini\u0173 ir galini\u0173 lang\u0173 MR ir auk\u0161\u010diau, blokuoja iki 94 procent\u0173 UV spinduli\u0173. Be to, \u201eExceed\u201c stoglangio stiklas taip pat turi apsaug\u0105, kuri u\u017eblokuoja iki 100 proc.<\/p>\n<p>\u201eEclipse Cross\u201c ir \u201eEclipse Cross PHEV\u201c visureigiuose priekini\u0173 dureli\u0173 stiklas sulaiko iki 91 procento UV spinduli\u0173, o ES variantai ant galini\u0173 dur\u0173 lang\u0173 ir baga\u017ein\u0117s dureli\u0173 \u2013 iki 66 procent\u0173.<\/p>\n<div class=\"wp-block-drive-blocks-gallery\">\n<figure class=\"wp-container-16 wp-block-gallery-15 wp-block-gallery has-nested-images columns-default is-cropped\">\n<figure class=\"wp-block-image size-large\"><img decoding=\"async\" loading=\"lazy\" width=\"1920\" height=\"1080\" src=\"https:\/\/media.drive.com.au\/obj\/tx_rs:auto:1920:1080:1\/driveau\/upload\/cms\/uploads\/44703491-65fc-52ef-b199-2489de050000\" alt=\"\" class=\"wp-image-3363876\" \/><\/figure>\n<\/figure>\n<\/div>\n<p>Vis\u0173 kit\u0173 r\u016b\u0161i\u0173 asortimento gale yra apsauginis stiklas, kuris blokuoja iki 94 proc. UV spinduli\u0173. Taip pat iki 95 procent\u0173 vir\u0161yti variantus, kuriuose sumontuotas stoglangio blokas.<\/p>\n<p>\u201eOutlander\u201c ir \u201eOutlander PHEV\u201c modeliuose dabartin\u0117s kartos priekini\u0173 dureli\u0173 stiklas sulaiko iki 99 proc. UV spinduli\u0173, ty daugiau nei 90 proc.<\/p>\n<p>2WD, AWD ir PHEV ES variantuose yra galini\u0173 dur\u0173, ketvir\u010dio ir baga\u017ein\u0117s dureli\u0173 stiklai, kurie sulaiko iki 66 proc. UV spinduli\u0173, o visi kiti variantai sulaiko iki 94 proc. \u201eExceed\u201c ir auk\u0161tesn\u0117s klas\u0117s automobiliuose taip pat yra stoglangio stiklai, kuri\u0173 \u012fvertinimas sustoja iki 97 proc.<\/p>\n<p>Dabartin\u0117s kartos \u201eTriton\u201c priekini\u0173 dur\u0173 stiklas ir galini\u0173 dur\u0173 stiklo blokas atitinkamai sudaro 65 ir 63 procentus.<\/p>\n<p>Galinis stiklas yra skirtas apsaugoti nuo iki 69 procent\u0173 UV spinduli\u0173 ant GLX, o GLX+ ir auk\u0161tesnio varianto, kuriame sumontuotas apsauginis stiklas, \u0161is skai\u010dius padid\u0117ja iki 95 procent\u0173.<\/p>\n<p>Pajero Sport priekiniai langai sulaiko iki 69 procentus UV spinduli\u0173, o GLX galini\u0173 dur\u0173, ketvirtis ir baga\u017ein\u0117s stiklai \u2013 iki 66 procent\u0173 UV spinduli\u0173. Be to, GLS ir auk\u0161tesn\u0117s klas\u0117s, kuri\u0173 stiklai ant \u0161i\u0173 lang\u0173 yra apsaugoti nuo 94 proc.<\/p>\n<p>\u012era\u0161as \u201eNemanykite, kad esate apsaugotas\u201c: ar automobilio langai apsaugo j\u016bs\u0173 od\u0105 nuo UV spinduli\u0173? pirm\u0105 kart\u0105 pasirod\u0117 Diske.<\/p>\n<p><br \/>\n<br \/><a href=\"https:\/\/www.drive.com.au\/caradvice\/dont-assume-youre-protected-do-car-windows-keep-your-skin-safe-from-uv\/\">Source link <\/a><\/p>\n","protected":false},"excerpt":{"rendered":"<p>Ar esate saug\u016bs nuo saul\u0117s padarytos \u017ealos j\u016bs\u0173 odai, jei \u012fs\u0117date \u012f automobil\u012f? Ar visi automobilio langai blokuoja kenksmingus UV spindulius ir kiek? Mes turime atsakymus. Visi \u017einome, kad Australijos vasaros b\u016bna kar\u0161tos ir turime \u012fsitikinti, kad \u0161vie\u010diant saulei \u201epaslydome, paslydome, pliauk\u0161tel\u0117jame, ie\u0161kome, slystame\u201c, ta\u010diau dauguma i\u0161 m\u016bs\u0173 negalvojame apie tai, kas atsitinka m\u016bs\u0173 odai [&hellip;]<\/p>\n","protected":false},"author":1,"featured_media":979,"comment_status":"","ping_status":"","sticky":false,"template":"","format":"standard","meta":{"om_disable_all_campaigns":false,"_monsterinsights_skip_tracking":false,"_monsterinsights_sitenote_active":false,"_monsterinsights_sitenote_note":"","_monsterinsights_sitenote_category":0,"footnotes":""},"categories":[69],"tags":[1727,1725,270,1724,1225,443,1726,1723,659,1728,1729],"class_list":["post-978","post","type-post","status-publish","format-standard","has-post-thumbnail","hentry","category-automobiliai-automobiliu-apzvalgos","tag-apsaugo","tag-apsaugotas","tag-automobilio","tag-esate","tag-jusu","tag-kad","tag-langai","tag-nemanykite","tag-nuo","tag-oda","tag-spinduliu"],"aioseo_notices":[],"_links":{"self":[{"href":"https:\/\/ekotransportas.lt\/index.php\/wp-json\/wp\/v2\/posts\/978","targetHints":{"allow":["GET"]}}],"collection":[{"href":"https:\/\/ekotransportas.lt\/index.php\/wp-json\/wp\/v2\/posts"}],"about":[{"href":"https:\/\/ekotransportas.lt\/index.php\/wp-json\/wp\/v2\/types\/post"}],"author":[{"embeddable":true,"href":"https:\/\/ekotransportas.lt\/index.php\/wp-json\/wp\/v2\/users\/1"}],"replies":[{"embeddable":true,"href":"https:\/\/ekotransportas.lt\/index.php\/wp-json\/wp\/v2\/comments?post=978"}],"version-history":[{"count":0,"href":"https:\/\/ekotransportas.lt\/index.php\/wp-json\/wp\/v2\/posts\/978\/revisions"}],"wp:featuredmedia":[{"embeddable":true,"href":"https:\/\/ekotransportas.lt\/index.php\/wp-json\/wp\/v2\/media\/979"}],"wp:attachment":[{"href":"https:\/\/ekotransportas.lt\/index.php\/wp-json\/wp\/v2\/media?parent=978"}],"wp:term":[{"taxonomy":"category","embeddable":true,"href":"https:\/\/ekotransportas.lt\/index.php\/wp-json\/wp\/v2\/categories?post=978"},{"taxonomy":"post_tag","embeddable":true,"href":"https:\/\/ekotransportas.lt\/index.php\/wp-json\/wp\/v2\/tags?post=978"}],"curies":[{"name":"wp","href":"https:\/\/api.w.org\/{rel}","templated":true}]}}